{"id":11230,"date":"2021-03-10T22:54:24","date_gmt":"2021-03-11T01:54:24","guid":{"rendered":"https:\/\/tvc16.com\/portal\/?p=11230"},"modified":"2021-03-10T23:00:08","modified_gmt":"2021-03-11T02:00:08","slug":"mais-duas-mortes-por-covid-19-sao-registradas-em-petropolis-e-ocupacao-de-leitos-aumenta-com-estes-novos-obitos-ja-sao-586","status":"publish","type":"post","link":"https:\/\/tvc16.com\/portal\/2021\/03\/10\/mais-duas-mortes-por-covid-19-sao-registradas-em-petropolis-e-ocupacao-de-leitos-aumenta-com-estes-novos-obitos-ja-sao-586\/","title":{"rendered":"Mais duas mortes, por Covid-19, s\u00e3o registradas em Petr\u00f3polis, e ocupa\u00e7\u00e3o de leitos aumenta. Com estes novos \u00f3bitos, j\u00e1 s\u00e3o 586"},"content":{"rendered":"\n<p>Neste momento, 116 pessoas est\u00e3o internadas em leitos de UTI privados e pelo SUS. Outras 75 est\u00e3o em leitos cl\u00ednicos, considerando leitos privados e SUS, totalizando assim, 191 interna\u00e7\u00f5es em toda a rede da cidade. A ocupa\u00e7\u00e3o de leitos cl\u00ednicos pelo SUS \u00e9 de 74,55% e 70,48% em leitos de UTI.<\/p>\n\n\n\n<p>A Secretaria de Sa\u00fade esclarece que o n\u00famero de \u00f3bitos, hoje em 586, \u00e9 atualizado nos boletins apenas ap\u00f3s o registro do atestado de \u00f3bito e do resultado do exame do paciente no sistema da Vigil\u00e2ncia Epidemiol\u00f3gica, o que \u00e9 feito por equipe administrativa. Trata-se de medida de seguran\u00e7a para evitar erro na informa\u00e7\u00e3o divulgada pela Secretaria de Sa\u00fade.<\/p>\n\n\n\n<p>A Secretaria acrescenta, ainda, que trabalha na atualiza\u00e7\u00e3o de dados de notifica\u00e7\u00f5es e casos em an\u00e1lise no sistema, inserindo ainda dados n\u00e3o lan\u00e7ados no fim do ano passado. \u00c9 poss\u00edvel acompanhar a evolu\u00e7\u00e3o dos casos no portal da transpar\u00eancia do coronav\u00edrus, no site da Prefeitura (www.petropolis.rj.gov.br)<\/p>\n\n\n\n<p>\u00d3bitos registrados:<\/p>\n\n\n\n<ul class=\"wp-block-list\"><li>Homem, 95 anos, morador da Provis\u00f3ria. Internado em 01.03.21 no Hospital Unimed. \u00d3bito registrado em 06.03.21 no Hospital Unimed. Paciente com doen\u00e7a card\u00edaca cr\u00f4nica e asma.<\/li><li>Homem, 73 anos, morador do S\u00e3o Sebasti\u00e3o. Internado em 24.02.21 na UPA-Cascatinha e transferido para o HMNSE. \u00d3bito registrado em 09.03.21 no HMNSE. Paciente com Diabetes.<\/li><\/ul>\n","protected":false},"excerpt":{"rendered":"<p>Neste momento, 116 pessoas est\u00e3o internadas em leitos de UTI privados e pelo SUS. Outras<\/p>\n","protected":false},"author":2,"featured_media":11235,"comment_status":"open","ping_status":"open","sticky":false,"template":"","format":"standard","meta":{"footnotes":""},"categories":[12],"tags":[],"class_list":["post-11230","post","type-post","status-publish","format-standard","has-post-thumbnail","hentry","category-cidade"],"_links":{"self":[{"href":"https:\/\/tvc16.com\/portal\/wp-json\/wp\/v2\/posts\/11230","targetHints":{"allow":["GET"]}}],"collection":[{"href":"https:\/\/tvc16.com\/portal\/wp-json\/wp\/v2\/posts"}],"about":[{"href":"https:\/\/tvc16.com\/portal\/wp-json\/wp\/v2\/types\/post"}],"author":[{"embeddable":true,"href":"https:\/\/tvc16.com\/portal\/wp-json\/wp\/v2\/users\/2"}],"replies":[{"embeddable":true,"href":"https:\/\/tvc16.com\/portal\/wp-json\/wp\/v2\/comments?post=11230"}],"version-history":[{"count":1,"href":"https:\/\/tvc16.com\/portal\/wp-json\/wp\/v2\/posts\/11230\/revisions"}],"predecessor-version":[{"id":11232,"href":"https:\/\/tvc16.com\/portal\/wp-json\/wp\/v2\/posts\/11230\/revisions\/11232"}],"wp:featuredmedia":[{"embeddable":true,"href":"https:\/\/tvc16.com\/portal\/wp-json\/wp\/v2\/media\/11235"}],"wp:attachment":[{"href":"https:\/\/tvc16.com\/portal\/wp-json\/wp\/v2\/media?parent=11230"}],"wp:term":[{"taxonomy":"category","embeddable":true,"href":"https:\/\/tvc16.com\/portal\/wp-json\/wp\/v2\/categories?post=11230"},{"taxonomy":"post_tag","embeddable":true,"href":"https:\/\/tvc16.com\/portal\/wp-json\/wp\/v2\/tags?post=11230"}],"curies":[{"name":"wp","href":"https:\/\/api.w.org\/{rel}","templated":true}]}}