{"id":11236,"date":"2021-03-10T23:05:30","date_gmt":"2021-03-11T02:05:30","guid":{"rendered":"https:\/\/tvc16.com\/portal\/?p=11236"},"modified":"2021-03-10T23:05:32","modified_gmt":"2021-03-11T02:05:32","slug":"na-tarde-desta-quarta-feira-10-palestras-e-um-curso-de-design-de-sobrancelhas-marcaram-as-celebracoes-pelo-dia-internacional-da-mulher-no-cram-dez-mulheres-usuarias-do-espaco-participaram-do-even","status":"publish","type":"post","link":"https:\/\/tvc16.com\/portal\/2021\/03\/10\/na-tarde-desta-quarta-feira-10-palestras-e-um-curso-de-design-de-sobrancelhas-marcaram-as-celebracoes-pelo-dia-internacional-da-mulher-no-cram-dez-mulheres-usuarias-do-espaco-participaram-do-even\/","title":{"rendered":"Na tarde desta quarta-feira (10), palestras e um curso de design de sobrancelhas marcaram as celebra\u00e7\u00f5es pelo Dia Internacional da Mulher, no CRAM. Dez mulheres usu\u00e1rias do espa\u00e7o participaram do evento, denominado: \u201cSeja Protagonista da Sua Hist\u00f3ria\u201d"},"content":{"rendered":"\n<p><\/p>\n\n\n\n<p>A inten\u00e7\u00e3o \u00e9 contribuir para a independ\u00eancia financeira das mulheres atendidas pelo CRAM. \u201cJ\u00e1 est\u00e1 evidente que o empoderamento econ\u00f4mico \u00e9 a maneira mais efetiva dessas mulheres sa\u00edrem do ciclo de agress\u00f5es. Essa emancipa\u00e7\u00e3o \u00e9 fundamental para o combate \u00e0 viol\u00eancia dom\u00e9stica\u201d, disse o prefeito interino Hingo Hammes, que fez a entrega dos certificados para os palestrantes.<\/p>\n\n\n\n<p><\/p>\n\n\n\n<figure class=\"wp-block-image size-large\"><img loading=\"lazy\" decoding=\"async\" width=\"1024\" height=\"636\" src=\"https:\/\/tvc16.com\/portal\/wp-content\/uploads\/2021\/03\/IMG-20210310-WA0122-1024x636.jpg\" alt=\"\" class=\"wp-image-11238\" srcset=\"https:\/\/tvc16.com\/portal\/wp-content\/uploads\/2021\/03\/IMG-20210310-WA0122-1024x636.jpg 1024w, https:\/\/tvc16.com\/portal\/wp-content\/uploads\/2021\/03\/IMG-20210310-WA0122-300x186.jpg 300w, https:\/\/tvc16.com\/portal\/wp-content\/uploads\/2021\/03\/IMG-20210310-WA0122-768x477.jpg 768w, https:\/\/tvc16.com\/portal\/wp-content\/uploads\/2021\/03\/IMG-20210310-WA0122.jpg 1280w\" sizes=\"auto, (max-width: 1024px) 100vw, 1024px\" \/><\/figure>\n\n\n\n<p><\/p>\n\n\n\n<p>De acordo com a coordenadora do CRAM, Ana Luiza Franco, a maioria das mulheres em situa\u00e7\u00e3o de viol\u00eancia dom\u00e9stica n\u00e3o denunciam seus companheiros porque dependem financeiramente do agressor. \u201cTamb\u00e9m existem os relacionamentos em que a mulher \u00e9 impedida de estudar e trabalhar, justamente para que continue submissa. Por isso, o evento teve como foco a independ\u00eancia financeira\u201d, frisa.<\/p>\n\n\n\n<p>As palestras seguiram os temas relacionados ao empreendedorismo feminino, formas de ingressar no mercado de trabalho formal, elabora\u00e7\u00e3o de curr\u00edculos e divulga\u00e7\u00e3o do balc\u00e3o de empregos da Prefeitura. J\u00e1 o workshop de design de sobrancelhas se estender\u00e1 at\u00e9 a pr\u00f3xima quinta-feira e, al\u00e9m do certificado, as inscritas tamb\u00e9m v\u00e3o ganhar kits com os materiais necess\u00e1rios para come\u00e7ar a trabalhar.<\/p>\n","protected":false},"excerpt":{"rendered":"<p>A inten\u00e7\u00e3o \u00e9 contribuir para a independ\u00eancia financeira das mulheres atendidas pelo CRAM. \u201cJ\u00e1 est\u00e1<\/p>\n","protected":false},"author":2,"featured_media":11237,"comment_status":"open","ping_status":"open","sticky":false,"template":"","format":"standard","meta":{"footnotes":""},"categories":[12],"tags":[],"class_list":["post-11236","post","type-post","status-publish","format-standard","has-post-thumbnail","hentry","category-cidade"],"_links":{"self":[{"href":"https:\/\/tvc16.com\/portal\/wp-json\/wp\/v2\/posts\/11236","targetHints":{"allow":["GET"]}}],"collection":[{"href":"https:\/\/tvc16.com\/portal\/wp-json\/wp\/v2\/posts"}],"about":[{"href":"https:\/\/tvc16.com\/portal\/wp-json\/wp\/v2\/types\/post"}],"author":[{"embeddable":true,"href":"https:\/\/tvc16.com\/portal\/wp-json\/wp\/v2\/users\/2"}],"replies":[{"embeddable":true,"href":"https:\/\/tvc16.com\/portal\/wp-json\/wp\/v2\/comments?post=11236"}],"version-history":[{"count":1,"href":"https:\/\/tvc16.com\/portal\/wp-json\/wp\/v2\/posts\/11236\/revisions"}],"predecessor-version":[{"id":11239,"href":"https:\/\/tvc16.com\/portal\/wp-json\/wp\/v2\/posts\/11236\/revisions\/11239"}],"wp:featuredmedia":[{"embeddable":true,"href":"https:\/\/tvc16.com\/portal\/wp-json\/wp\/v2\/media\/11237"}],"wp:attachment":[{"href":"https:\/\/tvc16.com\/portal\/wp-json\/wp\/v2\/media?parent=11236"}],"wp:term":[{"taxonomy":"category","embeddable":true,"href":"https:\/\/tvc16.com\/portal\/wp-json\/wp\/v2\/categories?post=11236"},{"taxonomy":"post_tag","embeddable":true,"href":"https:\/\/tvc16.com\/portal\/wp-json\/wp\/v2\/tags?post=11236"}],"curies":[{"name":"wp","href":"https:\/\/api.w.org\/{rel}","templated":true}]}}