{"id":11246,"date":"2021-03-10T23:15:47","date_gmt":"2021-03-11T02:15:47","guid":{"rendered":"https:\/\/tvc16.com\/portal\/?p=11246"},"modified":"2021-03-10T23:15:49","modified_gmt":"2021-03-11T02:15:49","slug":"em-petropolis-a-secretaria-de-educacao-iniciou-o-processo-de-entrega-para-as-unidades-educacionais-de-mais-de-41-mil-kits-escolares-de-uso-individual","status":"publish","type":"post","link":"https:\/\/tvc16.com\/portal\/2021\/03\/10\/em-petropolis-a-secretaria-de-educacao-iniciou-o-processo-de-entrega-para-as-unidades-educacionais-de-mais-de-41-mil-kits-escolares-de-uso-individual\/","title":{"rendered":"Em Petr\u00f3polis, a Secretaria de Educa\u00e7\u00e3o, iniciou o processo de entrega para as unidades educacionais, de mais de 41 mil kits escolares de uso individual"},"content":{"rendered":"\n<p><\/p>\n\n\n\n<p>Os gestores das escolas e Centros de Educa\u00e7\u00e3o Infantil ir\u00e3o marcar com os pais e respons\u00e1veis os hor\u00e1rios para a entrega do material \u2013 respeitando todas as medidas preventivas: uso de \u00e1lcool em gel, distanciamento e disponibiliza\u00e7\u00e3o em hor\u00e1rios separados para cada turma. A quantidade de kits distribu\u00eddos seguir\u00e1 a ordem dos alunos matriculados at\u00e9 dia 1\u00ba de mar\u00e7o deste ano.<\/p>\n\n\n\n<p>Receber\u00e3o o conjunto tanto os alunos dos Centros de Educa\u00e7\u00e3o Infantil, quanto os das escolas e Educa\u00e7\u00e3o de Jovens e Adultos (EJA). Os kits foram adquiridos por meio de ades\u00e3o a uma ata de compras do Fundo Nacional de Desenvolvimento da Educa\u00e7\u00e3o (FNDE), ou seja, o governo federal abriu um grande processo de compra e as prefeituras interessadas tiveram a oportunidade de adquirir e pagar por todo material recebido.<\/p>\n\n\n\n<p>Kits diferentes para cada fase de escolaridade<\/p>\n\n\n\n<p><\/p>\n\n\n\n<figure class=\"wp-block-image size-large\"><img loading=\"lazy\" decoding=\"async\" width=\"1024\" height=\"682\" src=\"https:\/\/tvc16.com\/portal\/wp-content\/uploads\/2021\/03\/IMG-20210309-WA0099-1024x682.jpg\" alt=\"\" class=\"wp-image-11248\" srcset=\"https:\/\/tvc16.com\/portal\/wp-content\/uploads\/2021\/03\/IMG-20210309-WA0099-1024x682.jpg 1024w, https:\/\/tvc16.com\/portal\/wp-content\/uploads\/2021\/03\/IMG-20210309-WA0099-300x200.jpg 300w, https:\/\/tvc16.com\/portal\/wp-content\/uploads\/2021\/03\/IMG-20210309-WA0099-768x512.jpg 768w, https:\/\/tvc16.com\/portal\/wp-content\/uploads\/2021\/03\/IMG-20210309-WA0099-900x600.jpg 900w, https:\/\/tvc16.com\/portal\/wp-content\/uploads\/2021\/03\/IMG-20210309-WA0099.jpg 1280w\" sizes=\"auto, (max-width: 1024px) 100vw, 1024px\" \/><\/figure>\n\n\n\n<p>O kit escolar leva em considera\u00e7\u00e3o cada faixa et\u00e1ria. Ser\u00e3o entregues em formatos diferentes, com materiais que atendam a necessidade para os anos de ensino diferenciados: pr\u00e9-escolar, ensino fundamental anos iniciais e anos finais e Educa\u00e7\u00e3o de Jovens e Adultos (EJA). No caso do pr\u00e9-escolar, o conjunto \u00e9 formado por agenda escolar, dois apontadores com dep\u00f3sito, 2 borrachas, dois cadernos de desenho de 96 folhas, canetinhas (12 unidades), duas colas brancas, tr\u00eas caixas de colas coloridas (caixas com 6 unidades), giz de cera (caixa com 12 unidades), dois conjuntos de l\u00e1pis de cor (caixas com 12 unidades), quatro l\u00e1pis, duas caixas de massa de modelar, uma pasta transparente, um pincel, uma tesoura e uma caixa de tinta guache (6 unidades). Nos conjuntos do ensino fundamental \u2013 anos iniciais \u2013 h\u00e1, al\u00e9m de apontador, borracha, l\u00e1pis de cor, canetinhas e grafite, calculadora e cadernos brochur\u00e3o (80 folhas). No dos anos finais tamb\u00e9m h\u00e1 esquadros e nos conjuntos da EJA, r\u00e9gua, transferidor e caderno universit\u00e1rio.<\/p>\n","protected":false},"excerpt":{"rendered":"<p>Os gestores das escolas e Centros de Educa\u00e7\u00e3o Infantil ir\u00e3o marcar com os pais e<\/p>\n","protected":false},"author":2,"featured_media":11247,"comment_status":"open","ping_status":"open","sticky":false,"template":"","format":"standard","meta":{"footnotes":""},"categories":[12],"tags":[],"class_list":["post-11246","post","type-post","status-publish","format-standard","has-post-thumbnail","hentry","category-cidade"],"_links":{"self":[{"href":"https:\/\/tvc16.com\/portal\/wp-json\/wp\/v2\/posts\/11246","targetHints":{"allow":["GET"]}}],"collection":[{"href":"https:\/\/tvc16.com\/portal\/wp-json\/wp\/v2\/posts"}],"about":[{"href":"https:\/\/tvc16.com\/portal\/wp-json\/wp\/v2\/types\/post"}],"author":[{"embeddable":true,"href":"https:\/\/tvc16.com\/portal\/wp-json\/wp\/v2\/users\/2"}],"replies":[{"embeddable":true,"href":"https:\/\/tvc16.com\/portal\/wp-json\/wp\/v2\/comments?post=11246"}],"version-history":[{"count":1,"href":"https:\/\/tvc16.com\/portal\/wp-json\/wp\/v2\/posts\/11246\/revisions"}],"predecessor-version":[{"id":11249,"href":"https:\/\/tvc16.com\/portal\/wp-json\/wp\/v2\/posts\/11246\/revisions\/11249"}],"wp:featuredmedia":[{"embeddable":true,"href":"https:\/\/tvc16.com\/portal\/wp-json\/wp\/v2\/media\/11247"}],"wp:attachment":[{"href":"https:\/\/tvc16.com\/portal\/wp-json\/wp\/v2\/media?parent=11246"}],"wp:term":[{"taxonomy":"category","embeddable":true,"href":"https:\/\/tvc16.com\/portal\/wp-json\/wp\/v2\/categories?post=11246"},{"taxonomy":"post_tag","embeddable":true,"href":"https:\/\/tvc16.com\/portal\/wp-json\/wp\/v2\/tags?post=11246"}],"curies":[{"name":"wp","href":"https:\/\/api.w.org\/{rel}","templated":true}]}}