{"id":11250,"date":"2021-03-10T23:20:23","date_gmt":"2021-03-11T02:20:23","guid":{"rendered":"https:\/\/tvc16.com\/portal\/?p=11250"},"modified":"2021-03-10T23:21:21","modified_gmt":"2021-03-11T02:21:21","slug":"museu-imperial-reabrira-a-ala-esquerda-do-palacio-imperial-de-petropolis-a-partir-do-dia-16-de-marco-aniversario-da-cidade","status":"publish","type":"post","link":"https:\/\/tvc16.com\/portal\/2021\/03\/10\/museu-imperial-reabrira-a-ala-esquerda-do-palacio-imperial-de-petropolis-a-partir-do-dia-16-de-marco-aniversario-da-cidade\/","title":{"rendered":"Museu reabrir\u00e1 a ala esquerda do Pal\u00e1cio Imperial de Petr\u00f3polis a partir do dia 16 de mar\u00e7o, anivers\u00e1rio da cidade"},"content":{"rendered":"\n<p><\/p>\n\n\n\n<p>A ala esquerda representa os ambientes da casa onde Dom Pedro II e seus familiares veraneavam. Nela, o p\u00fablico poder\u00e1 encontrar a sala de jantar, a sala de m\u00fasica e baile, entre outros espa\u00e7os, bem como as coroas dos imperadores do Brasil e a pena usada pela princesa Dona Isabel para assinar a Lei \u00c1urea.<\/p>\n\n\n\n<figure class=\"wp-block-image size-large\"><img decoding=\"async\" src=\"https:\/\/tvc16.com\/portal\/wp-content\/uploads\/2021\/03\/COROA.jpg\" alt=\"\" class=\"wp-image-11252\"\/><\/figure>\n\n\n\n<p><\/p>\n\n\n\n<p>A visita\u00e7\u00e3o ser\u00e1 de ter\u00e7a a s\u00e1bado, das 10h \u00e0s 16h, em grupos de 25 pessoas por hora, com ingressos a R$10,00 (inteira) e R$5,00 (meia). No dia da reabertura, 16 de mar\u00e7o, a entrada ser\u00e1 gratuita.<\/p>\n\n\n\n<p><\/p>\n\n\n\n<figure class=\"wp-block-image size-large\"><img loading=\"lazy\" decoding=\"async\" width=\"1024\" height=\"536\" src=\"https:\/\/tvc16.com\/portal\/wp-content\/uploads\/2021\/03\/SALA-DE-MUSICA-1024x536.jpg\" alt=\"\" class=\"wp-image-11251\" srcset=\"https:\/\/tvc16.com\/portal\/wp-content\/uploads\/2021\/03\/SALA-DE-MUSICA-1024x536.jpg 1024w, https:\/\/tvc16.com\/portal\/wp-content\/uploads\/2021\/03\/SALA-DE-MUSICA-300x157.jpg 300w, https:\/\/tvc16.com\/portal\/wp-content\/uploads\/2021\/03\/SALA-DE-MUSICA-768x402.jpg 768w, https:\/\/tvc16.com\/portal\/wp-content\/uploads\/2021\/03\/SALA-DE-MUSICA-1536x804.jpg 1536w, https:\/\/tvc16.com\/portal\/wp-content\/uploads\/2021\/03\/SALA-DE-MUSICA-2048x1072.jpg 2048w\" sizes=\"auto, (max-width: 1024px) 100vw, 1024px\" \/><\/figure>\n\n\n\n<p>Para realizar a visita\u00e7\u00e3o, ser\u00e1 necess\u00e1rio o agendamento atrav\u00e9s do telefone (24) 2233-0345, dispon\u00edvel para atendimento a partir de 10 de mar\u00e7o, de segunda a sexta, das 8h30 \u00e0s 18h. A princ\u00edpio, a agenda estar\u00e1 aberta apenas para o m\u00eas de mar\u00e7o. Guias de turismo poder\u00e3o acompanhar grupos de at\u00e9 tr\u00eas pessoas.<\/p>\n\n\n\n<p>Os visitantes dever\u00e3o chegar com 20 minutos de anteced\u00eancia para o pagamento e a retirada dos ingressos, que s\u00f3 poder\u00e3o ser adquiridos no dia da visita.<\/p>\n\n\n\n<p>Ao entrar no Complexo Museu Imperial, ser\u00e1 necess\u00e1rio passar por uma barreira sanit\u00e1ria com aferi\u00e7\u00e3o de temperatura e o uso de m\u00e1scara cobrindo nariz e boca. Al\u00e9m disso, totens de \u00e1lcool em gel foram espalhados por diversos espa\u00e7os.<\/p>\n\n\n\n<p>Os guarda volumes n\u00e3o estar\u00e3o dispon\u00edveis. Ser\u00e1 permitida a entrada com bolsas de at\u00e9 50cm x 30cm x 20 cm.<\/p>\n\n\n\n<p>As cl\u00e1ssicas pantufas do Museu Imperial permanecer\u00e3o durante o passeio, e, para seguran\u00e7a dos visitantes, ser\u00e3o higienizadas atrav\u00e9s de oxi-sanitiza\u00e7\u00e3o.<\/p>\n","protected":false},"excerpt":{"rendered":"<p>A ala esquerda representa os ambientes da casa onde Dom Pedro II e seus familiares<\/p>\n","protected":false},"author":2,"featured_media":11253,"comment_status":"open","ping_status":"open","sticky":false,"template":"","format":"standard","meta":{"footnotes":""},"categories":[12],"tags":[],"class_list":["post-11250","post","type-post","status-publish","format-standard","has-post-thumbnail","hentry","category-cidade"],"_links":{"self":[{"href":"https:\/\/tvc16.com\/portal\/wp-json\/wp\/v2\/posts\/11250","targetHints":{"allow":["GET"]}}],"collection":[{"href":"https:\/\/tvc16.com\/portal\/wp-json\/wp\/v2\/posts"}],"about":[{"href":"https:\/\/tvc16.com\/portal\/wp-json\/wp\/v2\/types\/post"}],"author":[{"embeddable":true,"href":"https:\/\/tvc16.com\/portal\/wp-json\/wp\/v2\/users\/2"}],"replies":[{"embeddable":true,"href":"https:\/\/tvc16.com\/portal\/wp-json\/wp\/v2\/comments?post=11250"}],"version-history":[{"count":2,"href":"https:\/\/tvc16.com\/portal\/wp-json\/wp\/v2\/posts\/11250\/revisions"}],"predecessor-version":[{"id":11256,"href":"https:\/\/tvc16.com\/portal\/wp-json\/wp\/v2\/posts\/11250\/revisions\/11256"}],"wp:featuredmedia":[{"embeddable":true,"href":"https:\/\/tvc16.com\/portal\/wp-json\/wp\/v2\/media\/11253"}],"wp:attachment":[{"href":"https:\/\/tvc16.com\/portal\/wp-json\/wp\/v2\/media?parent=11250"}],"wp:term":[{"taxonomy":"category","embeddable":true,"href":"https:\/\/tvc16.com\/portal\/wp-json\/wp\/v2\/categories?post=11250"},{"taxonomy":"post_tag","embeddable":true,"href":"https:\/\/tvc16.com\/portal\/wp-json\/wp\/v2\/tags?post=11250"}],"curies":[{"name":"wp","href":"https:\/\/api.w.org\/{rel}","templated":true}]}}