{"id":11257,"date":"2021-03-10T23:31:47","date_gmt":"2021-03-11T02:31:47","guid":{"rendered":"https:\/\/tvc16.com\/portal\/?p=11257"},"modified":"2021-03-10T23:31:50","modified_gmt":"2021-03-11T02:31:50","slug":"medicas-do-hgni-estreitaram-amizade-e-enfrentaram-situacoes-dificeis-em-um-ano-de-pandemia","status":"publish","type":"post","link":"https:\/\/tvc16.com\/portal\/2021\/03\/10\/medicas-do-hgni-estreitaram-amizade-e-enfrentaram-situacoes-dificeis-em-um-ano-de-pandemia\/","title":{"rendered":"M\u00e9dicas do HGNI estreitaram amizade e enfrentaram situa\u00e7\u00f5es dif\u00edceis em um ano de pandemia"},"content":{"rendered":"\n<p>Um v\u00ednculo que nasceu entre plant\u00f5es do Hospital Geral de Nova Igua\u00e7u (HGNI) e foi levado para a vida. Assim pode ser definida a amizade entre as m\u00e9dicas intensivistas Roberta Carvalho, de 33 anos, e Tatiane Gaban, de 41, que trabalham na principal emerg\u00eancia da Baixada Fluminense h\u00e1 cerca de seis anos. Com a chegada do novo coronav\u00edrus, ambas foram para a linha de frente enfrentar a doen\u00e7a. O que n\u00e3o imaginavam \u00e9 que essa cumplicidade seria fundamental na vida uma da outra.<\/p>\n\n\n\n<p>As duas foram diagnosticadas com a Covid-19 praticamente ao mesmo tempo e fizeram quarentena juntas, por poucos dias. Durante este per\u00edodo, Roberta \u2013 que chegou a morar em seu carro por um m\u00eas para n\u00e3o contaminar seus familiares, que s\u00e3o do grupo de risco \u2013 apresentou sintomas graves e foi socorrida por Tatiane para um hospital particular, na Barra da Tijuca, no final de abril, onde precisou ser intubada e travou uma luta pela vida, que teve um desfecho positivo.<\/p>\n\n\n\n<p>Roberta revela que na semana em que foi internada havia feito uma tomografia que apontou comprometimento pulmonar de 25% a 50% por causa da doen\u00e7a. \u201cQuando me vi em isolamento pensei que n\u00e3o poderia ficar 14 dias dentro de um carro com a Covid-19. Foi ent\u00e3o que a doutora Gaban, que tamb\u00e9m estava com a doen\u00e7a, me chamou para ir para casa dela, pois uma faria companhia a outra. Foi ela que acabou me levando ao hospital quando eu piorei\u201d, conta a m\u00e9dica.<\/p>\n\n\n\n<p>A interna\u00e7\u00e3o de Roberta mobilizou Tatiane, que, al\u00e9m dos plant\u00f5es, passou a acompanhar a situa\u00e7\u00e3o da amiga sempre que podia. Ela era uma das respons\u00e1veis por enviar informa\u00e7\u00f5es \u00e0 fam\u00edlia da amiga. \u201cFiquei preocupada quando soube que Roberta seria intubada. Eu e ela j\u00e1 retiramos do respirador diversos pacientes no Hospital da Posse com outras doen\u00e7as, ent\u00e3o eu tinha bastante esperan\u00e7a que ela sairia do tubo. Meu desespero maior foi quando ela precisou estar ligada em um aparelho que funciona como pulm\u00e3o e cora\u00e7\u00e3o artificial. Eu fiquei com muito medo que algo ruim pudesse acontecer\u201d.<\/p>\n\n\n\n<p>As duas haviam combinado de voltar juntas ao HGNI ap\u00f3s terminar o isolamento para cuidar dos pacientes com a Covid-19. Com o agravamento da situa\u00e7\u00e3o de Roberta, apenas Tatiane retornou, mas n\u00e3o sem levar mem\u00f3rias da colega para o plant\u00e3o. \u201cEu sempre falava que a presen\u00e7a da Roberta no meu plant\u00e3o era o melhor que eu poderia oferecer aos meus pacientes e decidi utilizar o pijama dela no meu retorno, passando a sensa\u00e7\u00e3o de que ela estava ali, comigo. Isso me ajudou bastante\u201d revela.<\/p>\n\n\n\n<p>Depois de ficar onze dias intubada e sedada na UTI, Roberta acordou. Do seu lado estava o m\u00e9dico que a tratou neste per\u00edodo e do outro a amiga, Tatiane Gaban. \u201cEu perguntei ao m\u00e9dico se estava viva, ele disse que sim e me pediu para olhar para o outro lado. Virei e tinha uma pessoa toda paramentada. Ouvi dela a seguinte frase: \u2018pode ficar tranquila que as crian\u00e7as est\u00e3o bem\u2019 e reconheci a doutora Gaban\u201d, ressalta Roberta. \u201cQuando ela me reconheceu, que ela sorriu, eu fiquei emocionada. Estava esperando este momento h\u00e1 dias. Foi uma sensa\u00e7\u00e3o muito especial para mim\u201d.<\/p>\n\n\n\n<p>Roberta e Tatiane continuam trabalhando nos setores de CTI do HGNI. Embora neste momento n\u00e3o estejam atuando diretamente com pacientes com sintomas da Covid-19, elas mostram entrosamento e refor\u00e7am o pedido de preven\u00e7\u00e3o \u00e0 popula\u00e7\u00e3o. \u201cFique em casa. Fa\u00e7am o isolamento social pois n\u00e3o acabou! \u00c9 muito ruim perder um amigo, algu\u00e9m que a gente ama. Que as pessoas entendam que por pior que seja estar isolado, \u00e9 melhor do que estar em uma UTI\u201d, alerta Roberta. \u201cSe proteja e proteja sua fam\u00edlia, assim estar\u00e1 protegendo o pr\u00f3ximo. Fique em casa\u201d, complementa Tatiane.<\/p>\n\n\n\n<p><strong>Amizade entre as fam\u00edlias<\/strong><\/p>\n\n\n\n<p>Uma das decis\u00f5es mais dif\u00edceis tomadas pelas m\u00e9dicas foi em rela\u00e7\u00e3o ao distanciamento das fam\u00edlias. Apesar disso, as amigas decidiram isolar seus familiares juntos. Os filhos de Tatiane conviveram por um tempo com a m\u00e3e de Roberta, na tentativa de evitar a contamina\u00e7\u00e3o pela Covid-19.<\/p>\n\n\n\n<p>Enquanto isso, elas encaravam diariamente o desafio de estar longe e cuidar dos pacientes em meio a pandemia. Roberta morou em um carro e se afastou da av\u00f3, do pai, do marido e da irm\u00e3, enquanto Tatiane n\u00e3o visitava a m\u00e3e, que tamb\u00e9m \u00e9 do grupo de risco, e chegou a ficar 50 dias sem ver os filhos. \u201cMinha m\u00e3e ficou isolada com os filhos da Gaban. Foi muito bom porque ela tinha uma distra\u00e7\u00e3o. Ent\u00e3o ela me ajudava e eu ajudava ela\u201d, conta Roberta. \u201cS\u00f3 pude rev\u00ea-los no anivers\u00e1rio da minha filha, em maio. Mesmo assim eu fui paramentada at\u00e9 ela. Foi muito dif\u00edcil\u201d, relembra Tatiane.<\/p>\n\n\n\n<p><strong>Equipe do CTI comemorou melhora<\/strong><\/p>\n\n\n\n<p>Por tr\u00e1s da amizade das duas m\u00e9dicas, estava uma equipe mobilizada pela melhora de Roberta. Os profissionais do CTI do HGNI fizeram ora\u00e7\u00f5es desejando a pronta recupera\u00e7\u00e3o da colega de trabalho.<\/p>\n\n\n\n<p>A t\u00e9cnica em enfermagem Angela Maria Mesquita, de 55 anos, primeira vacinada em Nova Igua\u00e7u contra a Covid-19, relembrou este momento. \u201cTodos rezavam pela doutora Roberta. Lembro que fui at\u00e9 Aparecida do Norte (SP) para pedir por ela. No dia que deram a not\u00edcia que ela havia sa\u00eddo do ventilador, o plant\u00e3o todo se emocionou. Ela me marcou muito, pois est\u00e1 conosco h\u00e1 muito tempo\u201d, refor\u00e7a.<\/p>\n","protected":false},"excerpt":{"rendered":"<p>Um v\u00ednculo que nasceu entre plant\u00f5es do Hospital Geral de Nova Igua\u00e7u (HGNI) e foi<\/p>\n","protected":false},"author":2,"featured_media":11258,"comment_status":"open","ping_status":"open","sticky":false,"template":"","format":"standard","meta":{"footnotes":""},"categories":[17],"tags":[],"class_list":["post-11257","post","type-post","status-publish","format-standard","has-post-thumbnail","hentry","category-outras-noticias"],"_links":{"self":[{"href":"https:\/\/tvc16.com\/portal\/wp-json\/wp\/v2\/posts\/11257","targetHints":{"allow":["GET"]}}],"collection":[{"href":"https:\/\/tvc16.com\/portal\/wp-json\/wp\/v2\/posts"}],"about":[{"href":"https:\/\/tvc16.com\/portal\/wp-json\/wp\/v2\/types\/post"}],"author":[{"embeddable":true,"href":"https:\/\/tvc16.com\/portal\/wp-json\/wp\/v2\/users\/2"}],"replies":[{"embeddable":true,"href":"https:\/\/tvc16.com\/portal\/wp-json\/wp\/v2\/comments?post=11257"}],"version-history":[{"count":1,"href":"https:\/\/tvc16.com\/portal\/wp-json\/wp\/v2\/posts\/11257\/revisions"}],"predecessor-version":[{"id":11259,"href":"https:\/\/tvc16.com\/portal\/wp-json\/wp\/v2\/posts\/11257\/revisions\/11259"}],"wp:featuredmedia":[{"embeddable":true,"href":"https:\/\/tvc16.com\/portal\/wp-json\/wp\/v2\/media\/11258"}],"wp:attachment":[{"href":"https:\/\/tvc16.com\/portal\/wp-json\/wp\/v2\/media?parent=11257"}],"wp:term":[{"taxonomy":"category","embeddable":true,"href":"https:\/\/tvc16.com\/portal\/wp-json\/wp\/v2\/categories?post=11257"},{"taxonomy":"post_tag","embeddable":true,"href":"https:\/\/tvc16.com\/portal\/wp-json\/wp\/v2\/tags?post=11257"}],"curies":[{"name":"wp","href":"https:\/\/api.w.org\/{rel}","templated":true}]}}