{"id":11260,"date":"2021-03-10T23:35:58","date_gmt":"2021-03-11T02:35:58","guid":{"rendered":"https:\/\/tvc16.com\/portal\/?p=11260"},"modified":"2021-03-10T23:36:00","modified_gmt":"2021-03-11T02:36:00","slug":"mais-medicos-lanca-edital-com-3-mil-vagas-em-todo-o-pais","status":"publish","type":"post","link":"https:\/\/tvc16.com\/portal\/2021\/03\/10\/mais-medicos-lanca-edital-com-3-mil-vagas-em-todo-o-pais\/","title":{"rendered":"Mais M\u00e9dicos lan\u00e7a edital com 3 mil vagas em todo o Pa\u00eds"},"content":{"rendered":"\n<p>Munic\u00edpios t\u00eam at\u00e9 o pr\u00f3ximo dia 15 para manifestar interesse no programa<\/p>\n\n\n\n<p>O Minist\u00e9rio da Sa\u00fade lan\u00e7ou, na segunda-feira (8), edital do Programa Mais M\u00e9dicos com aproximadamente 3 mil novas vagas. O objetivo \u00e9 fortalecer a rede de Aten\u00e7\u00e3o Prim\u00e1ria \u00e0 Sa\u00fade nas Unidades B\u00e1sicas de Sa\u00fade (UBS) em todo o Pa\u00eds, e ampliar o enfrentamento \u00e0 Covid-19 no cuidado imediato e dando suporte \u00e0 campanha de vacina\u00e7\u00e3o. As vagas refor\u00e7ar\u00e3o o atendimento em locais com situa\u00e7\u00e3o epidemiol\u00f3gica mais cr\u00edtica, como o Acre, por exemplo.<\/p>\n\n\n\n<p>Os munic\u00edpios t\u00eam at\u00e9 a pr\u00f3xima segunda-feira (15) para sinalizar ao Minist\u00e9rio da Sa\u00fade que necessitam de provimento de novos m\u00e9dicos. Depois disso, entre os dias 16 e 22 de mar\u00e7o, ser\u00e1 a vez dos profissionais de sa\u00fade se cadastrarem no programa.&nbsp;<\/p>\n\n\n\n<p>A previs\u00e3o \u00e9 que os m\u00e9dicos selecionados na primeira chamada iniciem o trabalho a partir de 23 de abril. Segundo o edital, o tempo de perman\u00eancia dos profissionais de sa\u00fade no programa ser\u00e1 inicialmente de tr\u00eas anos, prorrog\u00e1veis por mais tr\u00eas.<\/p>\n\n\n\n<p>Fonte: <a href=\"https:\/\/brasil61.com\/noticias\/mais-medicos-lanca-edital-com-3-mil-vagas-em-todo-o-pais-bras214132?email=bethdeoliveira@yahoo.com.br&amp;utm_source=newsletter&amp;utm_medium=newsletter&amp;utm_campaign=newsletter\" target=\"_blank\" rel=\"noreferrer noopener\">Brasil 61<\/a><\/p>\n","protected":false},"excerpt":{"rendered":"<p>Munic\u00edpios t\u00eam at\u00e9 o pr\u00f3ximo dia 15 para manifestar interesse no programa O Minist\u00e9rio da<\/p>\n","protected":false},"author":2,"featured_media":11261,"comment_status":"open","ping_status":"open","sticky":false,"template":"","format":"standard","meta":{"footnotes":""},"categories":[17],"tags":[],"class_list":["post-11260","post","type-post","status-publish","format-standard","has-post-thumbnail","hentry","category-outras-noticias"],"_links":{"self":[{"href":"https:\/\/tvc16.com\/portal\/wp-json\/wp\/v2\/posts\/11260","targetHints":{"allow":["GET"]}}],"collection":[{"href":"https:\/\/tvc16.com\/portal\/wp-json\/wp\/v2\/posts"}],"about":[{"href":"https:\/\/tvc16.com\/portal\/wp-json\/wp\/v2\/types\/post"}],"author":[{"embeddable":true,"href":"https:\/\/tvc16.com\/portal\/wp-json\/wp\/v2\/users\/2"}],"replies":[{"embeddable":true,"href":"https:\/\/tvc16.com\/portal\/wp-json\/wp\/v2\/comments?post=11260"}],"version-history":[{"count":1,"href":"https:\/\/tvc16.com\/portal\/wp-json\/wp\/v2\/posts\/11260\/revisions"}],"predecessor-version":[{"id":11262,"href":"https:\/\/tvc16.com\/portal\/wp-json\/wp\/v2\/posts\/11260\/revisions\/11262"}],"wp:featuredmedia":[{"embeddable":true,"href":"https:\/\/tvc16.com\/portal\/wp-json\/wp\/v2\/media\/11261"}],"wp:attachment":[{"href":"https:\/\/tvc16.com\/portal\/wp-json\/wp\/v2\/media?parent=11260"}],"wp:term":[{"taxonomy":"category","embeddable":true,"href":"https:\/\/tvc16.com\/portal\/wp-json\/wp\/v2\/categories?post=11260"},{"taxonomy":"post_tag","embeddable":true,"href":"https:\/\/tvc16.com\/portal\/wp-json\/wp\/v2\/tags?post=11260"}],"curies":[{"name":"wp","href":"https:\/\/api.w.org\/{rel}","templated":true}]}}