{"id":11274,"date":"2021-03-10T23:48:18","date_gmt":"2021-03-11T02:48:18","guid":{"rendered":"https:\/\/tvc16.com\/portal\/?p=11274"},"modified":"2021-03-10T23:48:20","modified_gmt":"2021-03-11T02:48:20","slug":"minuto-unicef-o-que-e-educacao-hibrida","status":"publish","type":"post","link":"https:\/\/tvc16.com\/portal\/2021\/03\/10\/minuto-unicef-o-que-e-educacao-hibrida\/","title":{"rendered":"MINUTO UNICEF: o que \u00e9 educa\u00e7\u00e3o h\u00edbrida?"},"content":{"rendered":"\n<p>\u00cdtalo Dutra, chefe de Educa\u00e7\u00e3o do UNICEF no Brasil, explica que a combina\u00e7\u00e3o de atividades presenciais e \u00e0 dist\u00e2ncia mant\u00e9m o v\u00ednculo do estudante com a escola<\/p>\n\n\n\n<p>Este ano, a volta \u00e0s aulas n\u00e3o est\u00e1 sendo como era antigamente. Muitas escolas est\u00e3o retomando as atividades com novos modelos de ensino, para proteger a todos da Covid-19 e garantir o v\u00ednculo dos estudantes com a escola. Como est\u00e1 sendo a\u00ed na escola do seu bairro?&nbsp;<\/p>\n\n\n\n<p>Muitas escolas est\u00e3o com o modelo de Educa\u00e7\u00e3o h\u00edbrida. Voc\u00ea sabe o que \u00e9? O \u00cdtalo Dutra, chefe de Educa\u00e7\u00e3o do UNICEF no Brasil, explica.&nbsp;<\/p>\n\n\n\n<p>\u201cA gente espera que, nesse processo de reabertura das escolas, haja a combina\u00e7\u00e3o de atividades presenciais com atividades remotas \u2013 chamado de educa\u00e7\u00e3o h\u00edbrida. Trabalhar com processos de educa\u00e7\u00e3o h\u00edbrida significa que temos mais op\u00e7\u00f5es para cumprir os protocolos de distanciamento e para manter o estudante vinculado \u00e0 escola, recebendo tudo aquilo que a institui\u00e7\u00e3o tem a oferecer \u2013 do ponto de vista da sua seguran\u00e7a alimentar, da sua aprendizagem e do conv\u00edvio social \u2013, mas tamb\u00e9m construir elementos e atividades que possam ser acompanhadas com os estudantes e as suas fam\u00edlias, nas suas casas\u201d, destaca.<\/p>\n\n\n\n<p>O fechamento das escolas deve ser sempre a \u00faltima op\u00e7\u00e3o. Caso elas tenham que ser fechadas, devem ser as primeiras a reabrir assim que a situa\u00e7\u00e3o epidemiol\u00f3gica permitir.<\/p>\n\n\n\n<p>Nessa volta \u00e0s aulas, cada um faz a sua parte. Use m\u00e1scara, lave sempre as m\u00e3os, mantenha a dist\u00e2ncia e siga as orienta\u00e7\u00f5es da escola. Saiba mais em <a href=\"http:\/\/unicef.org.br\">unicef.org.br<\/a>.<\/p>\n\n\n\n<p>Fonte: <a href=\"https:\/\/brasil61.com\/noticias\/minuto-unicef-o-que-e-educacao-hibrida-ucef210086?email=bethdeoliveira@yahoo.com.br&amp;utm_source=email_individual&amp;utm_medium=email_individual&amp;utm_campaign=email_individual\" target=\"_blank\" rel=\"noreferrer noopener\">Brasil 61<\/a><\/p>\n","protected":false},"excerpt":{"rendered":"<p>\u00cdtalo Dutra, chefe de Educa\u00e7\u00e3o do UNICEF no Brasil, explica que a combina\u00e7\u00e3o de atividades<\/p>\n","protected":false},"author":2,"featured_media":11275,"comment_status":"open","ping_status":"open","sticky":false,"template":"","format":"standard","meta":{"footnotes":""},"categories":[17],"tags":[],"class_list":["post-11274","post","type-post","status-publish","format-standard","has-post-thumbnail","hentry","category-outras-noticias"],"_links":{"self":[{"href":"https:\/\/tvc16.com\/portal\/wp-json\/wp\/v2\/posts\/11274","targetHints":{"allow":["GET"]}}],"collection":[{"href":"https:\/\/tvc16.com\/portal\/wp-json\/wp\/v2\/posts"}],"about":[{"href":"https:\/\/tvc16.com\/portal\/wp-json\/wp\/v2\/types\/post"}],"author":[{"embeddable":true,"href":"https:\/\/tvc16.com\/portal\/wp-json\/wp\/v2\/users\/2"}],"replies":[{"embeddable":true,"href":"https:\/\/tvc16.com\/portal\/wp-json\/wp\/v2\/comments?post=11274"}],"version-history":[{"count":1,"href":"https:\/\/tvc16.com\/portal\/wp-json\/wp\/v2\/posts\/11274\/revisions"}],"predecessor-version":[{"id":11276,"href":"https:\/\/tvc16.com\/portal\/wp-json\/wp\/v2\/posts\/11274\/revisions\/11276"}],"wp:featuredmedia":[{"embeddable":true,"href":"https:\/\/tvc16.com\/portal\/wp-json\/wp\/v2\/media\/11275"}],"wp:attachment":[{"href":"https:\/\/tvc16.com\/portal\/wp-json\/wp\/v2\/media?parent=11274"}],"wp:term":[{"taxonomy":"category","embeddable":true,"href":"https:\/\/tvc16.com\/portal\/wp-json\/wp\/v2\/categories?post=11274"},{"taxonomy":"post_tag","embeddable":true,"href":"https:\/\/tvc16.com\/portal\/wp-json\/wp\/v2\/tags?post=11274"}],"curies":[{"name":"wp","href":"https:\/\/api.w.org\/{rel}","templated":true}]}}