{"id":11286,"date":"2021-03-11T15:39:10","date_gmt":"2021-03-11T18:39:10","guid":{"rendered":"https:\/\/tvc16.com\/portal\/?p=11286"},"modified":"2021-03-11T15:39:12","modified_gmt":"2021-03-11T18:39:12","slug":"setor-de-epidemiologia-de-petropolis-levanta-informacoes-junto-a-duas-familias-da-por-conta-de-notificacoes-do-estado-referentes-a-variantes-do-sars-cov-2","status":"publish","type":"post","link":"https:\/\/tvc16.com\/portal\/2021\/03\/11\/setor-de-epidemiologia-de-petropolis-levanta-informacoes-junto-a-duas-familias-da-por-conta-de-notificacoes-do-estado-referentes-a-variantes-do-sars-cov-2\/","title":{"rendered":"Setor de Epidemiologia, de Petr\u00f3polis, levanta informa\u00e7\u00f5es junto a duas fam\u00edlias da por conta de notifica\u00e7\u00f5es do Estado referentes a variantes do Sars-CoV-2"},"content":{"rendered":"\n<p><\/p>\n\n\n\n<p>O munic\u00edpio foi informado sobre os casos pelo Estado nesta segunda-feira (08) e imediatamente acionou equipes da Epidemiologia para fazer contato com as fam\u00edlias. Em um dos casos, a Secretaria de Estado de Sa\u00fade confirmou ao munic\u00edpio a identifica\u00e7\u00e3o da variante do tipo P2 em amostras de duas crian\u00e7as de uma mesma fam\u00edlia em Petr\u00f3polis. O terceiro caso est\u00e1 ainda em an\u00e1lise, sendo investigado pelo Estado por meio de sequenciamento gen\u00e9tico.<\/p>\n\n\n\n<p>Em contato com as equipes da Epidemiologia, ambas fam\u00edlias relataram n\u00e3o terem sa\u00eddo do munic\u00edpio. Em ambos casos, a suspeita \u00e9 que parentes possam ter tido contato com pessoas de fora. Os dois casos confirmados s\u00e3o de irm\u00e3os de 7 meses. A fam\u00edlia relatou ter recebido a visita de um parente do estado de Minas Gerais, no in\u00edcio do m\u00eas de janeiro. Dias depois, um familiar que tem contato com as crian\u00e7as teve sintomas de Covid-19. Por conta disso, o material foi colhido e enviado para an\u00e1lise no dia 23 de janeiro e a confirma\u00e7\u00e3o para a variante P2 veio agora pelo Estado.<\/p>\n\n\n\n<p>Na segunda fam\u00edlia, cujo caso ainda est\u00e1 em an\u00e1lise, o material da crian\u00e7a, que tem cinco anos, foi colhido depois que parentes tiveram covid-19, no m\u00eas passado. O exame da crian\u00e7a foi colhido no dia 13 de fevereiro e a notifica\u00e7\u00e3o apontando a suspeita de uma variante do Sars-Cov2 tamb\u00e9m foi enviada agora ao munic\u00edpio.<\/p>\n\n\n\n<p>As crian\u00e7as n\u00e3o tiveram complica\u00e7\u00f5es, n\u00e3o precisaram de interna\u00e7\u00e3o e passam bem.<\/p>\n\n\n\n<p>O epidemiologista Jos\u00e9 Henrique Castrioto, que desde o in\u00edcio da pandemia acompanha a evolu\u00e7\u00e3o dos casos na cidade, lembra que, o surgimento de variantes faz parte do processo dos v\u00edrus, mas frisa que \u00e9 fundamental que a popula\u00e7\u00e3o respeite as orienta\u00e7\u00f5es.<\/p>\n\n\n\n<p>\u201cJ\u00e1 estamos com quase um ano de pandemia. Sabemos que as pessoas est\u00e3o cansadas. O surgimento de variante \u00e9 um processo comum entre os v\u00edrus. Mas, mais do que nunca \u00e9 fundamental que as pessoas respeitem as orienta\u00e7\u00f5es e sigam \u00e0 risca as medidas de preven\u00e7\u00e3o que temos repetido desde o in\u00edcio da pandemia: lavar bem as m\u00e3os com \u00e1gua e sab\u00e3o; usar \u00e1lcool em gel quando sair de casa; usar m\u00e1scaras o tempo todo; manter o distanciamento social, s\u00f3 sair de casa em caso de necessidade e sobretudo evitar as aglomera\u00e7\u00f5es\u201d afirma o epidemiologista.<\/p>\n\n\n\n<p><em>Restri\u00e7\u00f5es<\/em><\/p>\n\n\n\n<p>Na semana passada, antes mesmos de a cidade receber informa\u00e7\u00f5es sobre a presen\u00e7a de nova cepas na cidade, Petr\u00f3polis adotou medidas para tentar conter o cont\u00e1gio. \u201cEstamos monitorando o tempo todo a situa\u00e7\u00e3o da Covid-19 na cidade. Al\u00e9m das medidas restritivas, reativamos a UPA Vermelha, onde disponibilizamos mais 18 leitos. Estivemos no fim de semana no HNSA para cobrar que todos os leitos pactuados estejam dispon\u00edveis para interna\u00e7\u00e3o imediata. Todos os esfor\u00e7os est\u00e3o sendo feitos para que possamos atender aos petropolitanos, mas \u00e9 importante que cada um fa\u00e7a sua parte para superarmos a Covid-19\u201d, frisa o prefeito interino Hingo Hammes.<\/p>\n\n\n\n<p>O secret\u00e1rio de Sa\u00fade Aloisio Barbosa da Silva Filho, destaca ainda que dentro das a\u00e7\u00f5es de combate a Covid-19, a secretaria est\u00e1 empenhada em acelerar a vacina\u00e7\u00e3o do p\u00fablico priorit\u00e1rio, especialmente os idosos. Depende, no entanto, do envio de mais doses de vacinas. \u201cTemos uma preocupa\u00e7\u00e3o grande com os idosos por conta da vulnerabilidade. Por isso n\u00e3o estamos medindo esfor\u00e7os para ampliar a vacina\u00e7\u00e3o deste p\u00fablico. Nesta ter\u00e7a (09\/3) iniciamos a vacina\u00e7\u00e3o a partir dos 80 anos. A inten\u00e7\u00e3o \u00e9 ampliarmos este p\u00fablico com a chegada de mais doses\u201d, afirma o secret\u00e1rio de Sa\u00fade.<\/p>\n\n\n\n<p>\u201c\u00c9 necess\u00e1rio que as pessoas mantenham as medidas de preven\u00e7\u00e3o. Que usem m\u00e1scaras, mantenham o distanciamento social, evitem as aglomera\u00e7\u00f5es e continuem seguindo \u00e0 risca todas as medidas de preven\u00e7\u00e3o. Precisamos muito da colabora\u00e7\u00e3o das pessoas\u201d, destaca o secret\u00e1rio de Sa\u00fade.<\/p>\n","protected":false},"excerpt":{"rendered":"<p>O munic\u00edpio foi informado sobre os casos pelo Estado nesta segunda-feira (08) e imediatamente acionou<\/p>\n","protected":false},"author":2,"featured_media":11287,"comment_status":"open","ping_status":"open","sticky":false,"template":"","format":"standard","meta":{"footnotes":""},"categories":[12],"tags":[],"class_list":["post-11286","post","type-post","status-publish","format-standard","has-post-thumbnail","hentry","category-cidade"],"_links":{"self":[{"href":"https:\/\/tvc16.com\/portal\/wp-json\/wp\/v2\/posts\/11286","targetHints":{"allow":["GET"]}}],"collection":[{"href":"https:\/\/tvc16.com\/portal\/wp-json\/wp\/v2\/posts"}],"about":[{"href":"https:\/\/tvc16.com\/portal\/wp-json\/wp\/v2\/types\/post"}],"author":[{"embeddable":true,"href":"https:\/\/tvc16.com\/portal\/wp-json\/wp\/v2\/users\/2"}],"replies":[{"embeddable":true,"href":"https:\/\/tvc16.com\/portal\/wp-json\/wp\/v2\/comments?post=11286"}],"version-history":[{"count":1,"href":"https:\/\/tvc16.com\/portal\/wp-json\/wp\/v2\/posts\/11286\/revisions"}],"predecessor-version":[{"id":11288,"href":"https:\/\/tvc16.com\/portal\/wp-json\/wp\/v2\/posts\/11286\/revisions\/11288"}],"wp:featuredmedia":[{"embeddable":true,"href":"https:\/\/tvc16.com\/portal\/wp-json\/wp\/v2\/media\/11287"}],"wp:attachment":[{"href":"https:\/\/tvc16.com\/portal\/wp-json\/wp\/v2\/media?parent=11286"}],"wp:term":[{"taxonomy":"category","embeddable":true,"href":"https:\/\/tvc16.com\/portal\/wp-json\/wp\/v2\/categories?post=11286"},{"taxonomy":"post_tag","embeddable":true,"href":"https:\/\/tvc16.com\/portal\/wp-json\/wp\/v2\/tags?post=11286"}],"curies":[{"name":"wp","href":"https:\/\/api.w.org\/{rel}","templated":true}]}}