{"id":11289,"date":"2021-03-11T18:30:13","date_gmt":"2021-03-11T21:30:13","guid":{"rendered":"https:\/\/tvc16.com\/portal\/?p=11289"},"modified":"2021-03-11T18:30:15","modified_gmt":"2021-03-11T21:30:15","slug":"governo-do-estado-lanca-programa-de-adocao-de-animais-em-parceria-com-federacao-de-futebol","status":"publish","type":"post","link":"https:\/\/tvc16.com\/portal\/2021\/03\/11\/governo-do-estado-lanca-programa-de-adocao-de-animais-em-parceria-com-federacao-de-futebol\/","title":{"rendered":"Governo do Estado lan\u00e7a programa de ado\u00e7\u00e3o de animais em parceria com Federa\u00e7\u00e3o de Futebol"},"content":{"rendered":"\n<p><\/p>\n\n\n\n<p><em>\u2018CarioC\u00e3o\u2019 ser\u00e1 lan\u00e7ado no Fla x Flu deste domingo, com animais entrando em campo com jogadores<\/em><br>O primeiro cl\u00e1ssico do campeonato carioca de futebol ser\u00e1 palco para o lan\u00e7amento do projeto \u2018CarioC\u00e3o\u2019, uma parceria entre o Governo do Estado e da Federa\u00e7\u00e3o de Futebol do Estado do Rio de Janeiro (Ferj) para estimular a ado\u00e7\u00e3o de animais. Durante o Fla x Flu deste domingo (14\/3), os jogadores entrar\u00e3o em campo com animais abandonados que foram resgatados por ONGs do Rio de Janeiro. A\u00e7\u00f5es semelhantes ser\u00e3o realizadas ao longo da competi\u00e7\u00e3o.<\/p>\n\n\n\n<p>A iniciativa foi idealizada pela Secretaria de Estado de Agricultura, Pecu\u00e1ria, Pesca e Abastecimento, respons\u00e1vel pelas pol\u00edticas de Prote\u00e7\u00e3o e Bem-Estar Animal (RJPET), que tem registrado um aumento do n\u00famero de animais abandonados durante a pandemia.\u00a0Para a estreia do projeto foram escalados Nando para entrar com o time do Flamengo e Botinha com a equipe tricolor <\/p>\n\n\n\n<p><\/p>\n\n\n\n<figure class=\"wp-block-image size-large\"><img loading=\"lazy\" decoding=\"async\" width=\"682\" height=\"1024\" src=\"https:\/\/tvc16.com\/portal\/wp-content\/uploads\/2021\/03\/Botinha-Fluminense-682x1024.jpeg\" alt=\"\" class=\"wp-image-11290\" srcset=\"https:\/\/tvc16.com\/portal\/wp-content\/uploads\/2021\/03\/Botinha-Fluminense-682x1024.jpeg 682w, https:\/\/tvc16.com\/portal\/wp-content\/uploads\/2021\/03\/Botinha-Fluminense-200x300.jpeg 200w, https:\/\/tvc16.com\/portal\/wp-content\/uploads\/2021\/03\/Botinha-Fluminense-768x1154.jpeg 768w, https:\/\/tvc16.com\/portal\/wp-content\/uploads\/2021\/03\/Botinha-Fluminense.jpeg 852w\" sizes=\"auto, (max-width: 682px) 100vw, 682px\" \/><\/figure>\n\n\n\n<p><\/p>\n\n\n\n<p>&#8211; Acreditamos que o futebol pode ser um grande mobilizador para incentivar as ado\u00e7\u00f5es de animais e, assim, desafogar as ONGs &#8211; disse o governador em exerc\u00edcio Cl\u00e1udio Castro, que destacou a parceria com a Ferj.<\/p>\n\n\n\n<p>Segundo o secret\u00e1rio de Agricultura, Marcelo Queiroz, o principal objetivo da campanha \u00e9 conscientizar a popula\u00e7\u00e3o em rela\u00e7\u00e3o \u00e0 import\u00e2ncia de adotar um amigo de quatro patas.<\/p>\n\n\n\n<p>&#8211; Levar a campanha e os animais ao gramado do Maracan\u00e3 no Fla x Flu \u00e9 um acontecimento in\u00e9dito, que s\u00f3 foi poss\u00edvel ap\u00f3s parceria com a federa\u00e7\u00e3o, que imediatamente apoiou a ideia. Esperamos que muitos pets ganhem novos lares ap\u00f3s o lan\u00e7amento da campanha \u2018CarioC\u00e3o\u2019 &#8211; afirmou o secret\u00e1rio.<\/p>\n\n\n\n<p>&nbsp;<br>As pol\u00edticas de prote\u00e7\u00e3o e bem-estar animal t\u00eam recebido uma aten\u00e7\u00e3o especial do governo, que trabalha para tornar o Estado do Rio de Janeiro uma refer\u00eancia na \u00e1rea.<br><br>&#8211; J\u00e1 criamos o selo Amigo dos Animais \/ Pet Friendly, que ajuda donos de animais a encontrar estabelecimentos, como hot\u00e9is, bares, restaurantes e com\u00e9rcio, que os recebam com seus pets. Publicamos um decreto que pro\u00edbe corridas de cachorros, como forma de evitar maus-tratos, e promulgamos uma lei que pro\u00edbe a comercializa\u00e7\u00e3o de coleiras de choque &#8211; enumerou Cl\u00e1udio Castro.<br><br>Para o presidente da Ferj, Rubens Lopes, a parceria com o governo ser\u00e1 um sucesso e o futebol carioca ganhar\u00e1 ainda mais destaque com a\u00e7\u00f5es como essas.<br><br>&#8211; Todos os jogos s\u00e3o transmitidos por r\u00e1dios, internet e TV. Dessa forma, o recado ser\u00e1 dado a milhares de torcedores em todo o estado &#8211; explica Rubens Lopes.<br><br>A Secretaria de Estado de Esportes tamb\u00e9m elogiou a ideia.<br><br>&#8211; Amigo a gente n\u00e3o compra, n\u00e9? Amigo se adota. \u00c9 um gola\u00e7o esta parceria entre o Governo do Estado e a federa\u00e7\u00e3o de futebol &#8211; celebra o secret\u00e1rio Leandro Alves.<strong><\/strong><\/p>\n","protected":false},"excerpt":{"rendered":"<p>\u2018CarioC\u00e3o\u2019 ser\u00e1 lan\u00e7ado no Fla x Flu deste domingo, com animais entrando em campo com<\/p>\n","protected":false},"author":2,"featured_media":11291,"comment_status":"open","ping_status":"open","sticky":false,"template":"","format":"standard","meta":{"footnotes":""},"categories":[17],"tags":[],"class_list":["post-11289","post","type-post","status-publish","format-standard","has-post-thumbnail","hentry","category-outras-noticias"],"_links":{"self":[{"href":"https:\/\/tvc16.com\/portal\/wp-json\/wp\/v2\/posts\/11289","targetHints":{"allow":["GET"]}}],"collection":[{"href":"https:\/\/tvc16.com\/portal\/wp-json\/wp\/v2\/posts"}],"about":[{"href":"https:\/\/tvc16.com\/portal\/wp-json\/wp\/v2\/types\/post"}],"author":[{"embeddable":true,"href":"https:\/\/tvc16.com\/portal\/wp-json\/wp\/v2\/users\/2"}],"replies":[{"embeddable":true,"href":"https:\/\/tvc16.com\/portal\/wp-json\/wp\/v2\/comments?post=11289"}],"version-history":[{"count":1,"href":"https:\/\/tvc16.com\/portal\/wp-json\/wp\/v2\/posts\/11289\/revisions"}],"predecessor-version":[{"id":11292,"href":"https:\/\/tvc16.com\/portal\/wp-json\/wp\/v2\/posts\/11289\/revisions\/11292"}],"wp:featuredmedia":[{"embeddable":true,"href":"https:\/\/tvc16.com\/portal\/wp-json\/wp\/v2\/media\/11291"}],"wp:attachment":[{"href":"https:\/\/tvc16.com\/portal\/wp-json\/wp\/v2\/media?parent=11289"}],"wp:term":[{"taxonomy":"category","embeddable":true,"href":"https:\/\/tvc16.com\/portal\/wp-json\/wp\/v2\/categories?post=11289"},{"taxonomy":"post_tag","embeddable":true,"href":"https:\/\/tvc16.com\/portal\/wp-json\/wp\/v2\/tags?post=11289"}],"curies":[{"name":"wp","href":"https:\/\/api.w.org\/{rel}","templated":true}]}}