{"id":11293,"date":"2021-03-11T18:32:52","date_gmt":"2021-03-11T21:32:52","guid":{"rendered":"https:\/\/tvc16.com\/portal\/?p=11293"},"modified":"2021-03-11T18:32:54","modified_gmt":"2021-03-11T21:32:54","slug":"nova-iguacu-prorroga-prazo-para-renovacao-da-isencao-de-iptu","status":"publish","type":"post","link":"https:\/\/tvc16.com\/portal\/2021\/03\/11\/nova-iguacu-prorroga-prazo-para-renovacao-da-isencao-de-iptu\/","title":{"rendered":"Nova Igua\u00e7u prorroga prazo para renova\u00e7\u00e3o da isen\u00e7\u00e3o de IPTU"},"content":{"rendered":"\n<p><br>A Prefeitura de Nova Igua\u00e7u prorrogou o prazo para a renova\u00e7\u00e3o do benef\u00edcio de isen\u00e7\u00e3o de Imposto Predial e Territorial Urbano (IPTU) para o bi\u00eanio 2021-2022. Agora, quem deseja renovar o pedido deve faz\u00ea-lo at\u00e9 o dia 1\u00ba de agosto deste ano. Antes, a data limite era 31 de dezembro.<\/p>\n\n\n\n<p>A decis\u00e3o levou em conta a pandemia do novo coronav\u00edrus e a impossibilidade daqueles benefici\u00e1rios que n\u00e3o puderam comparecer \u00e0 prefeitura ao longo de 2020 para formalizar o pedido de renova\u00e7\u00e3o do benef\u00edcio. Os interessados devem comparecer \u00e0 Secretaria Municipal de Economia, Planejamento e Finan\u00e7as (SEMEF).<\/p>\n\n\n\n<p><strong>Confira a documenta\u00e7\u00e3o necess\u00e1ria:<br><\/strong><br>\u2022 C\u00f3pia do Comprovante de Resid\u00eancia;<br>\u2022 C\u00f3pia do RG e CPF do requerente, procurador ou representante legal;<br>\u2022 Comprovante de propriedade, escritura de compra e venda, auto de emiss\u00e3o em posse ou qualquer outro documento que comprove que o requerente \u00e9 sujeito passivo do IPTU referente ao im\u00f3vel;<br>\u2022 C\u00f3pia do Comprovante de rendimentos do contribuinte;<br>\u2022 C\u00f3pia do Comprovante da condi\u00e7\u00e3o de ex-combatente, no caso previsto no inciso II do artigo 855 da Lei Complementar 3.411 de 1\u00ba de novembro de 2002;<br>\u2022 Laudo m\u00e9dico que comprove que o requerente \u00e9 portador de defici\u00eancia f\u00edsica ou mental, no caso previsto no inciso V do artigo 855 da Lei Complementar 3.411 de 1\u00ba de novembro de 2002;<br>\u2022 Comprovante de que possui um \u00fanico im\u00f3vel, obtido na Central de atendimento no momento do requerimento;<br>\u2022 Ficha de lan\u00e7amento do IPTU do im\u00f3vel em quest\u00e3o;<br>\u2022 Termo de responsabilidade descrito no \u00a75\u00ba do artigo 855 da Lei Complementar 3.411 de 1\u00ba de novembro de 2002 \u00a7 1\u00ba \u2013 Somente ser\u00e3o reconhecidas as isen\u00e7\u00f5es cuja documenta\u00e7\u00e3o esteja completa e que cumpram os requisitos descritos no artigo 855 da Lei Complementar 3.411 de 1\u00ba de novembro de 2002. Art. 2\u00ba &#8211; O presente Decreto entrar\u00e1 em vigor na data de sua publica\u00e7\u00e3o.<\/p>\n","protected":false},"excerpt":{"rendered":"<p>A Prefeitura de Nova Igua\u00e7u prorrogou o prazo para a renova\u00e7\u00e3o do benef\u00edcio de isen\u00e7\u00e3o<\/p>\n","protected":false},"author":2,"featured_media":11294,"comment_status":"open","ping_status":"open","sticky":false,"template":"","format":"standard","meta":{"footnotes":""},"categories":[17],"tags":[],"class_list":["post-11293","post","type-post","status-publish","format-standard","has-post-thumbnail","hentry","category-outras-noticias"],"_links":{"self":[{"href":"https:\/\/tvc16.com\/portal\/wp-json\/wp\/v2\/posts\/11293","targetHints":{"allow":["GET"]}}],"collection":[{"href":"https:\/\/tvc16.com\/portal\/wp-json\/wp\/v2\/posts"}],"about":[{"href":"https:\/\/tvc16.com\/portal\/wp-json\/wp\/v2\/types\/post"}],"author":[{"embeddable":true,"href":"https:\/\/tvc16.com\/portal\/wp-json\/wp\/v2\/users\/2"}],"replies":[{"embeddable":true,"href":"https:\/\/tvc16.com\/portal\/wp-json\/wp\/v2\/comments?post=11293"}],"version-history":[{"count":1,"href":"https:\/\/tvc16.com\/portal\/wp-json\/wp\/v2\/posts\/11293\/revisions"}],"predecessor-version":[{"id":11295,"href":"https:\/\/tvc16.com\/portal\/wp-json\/wp\/v2\/posts\/11293\/revisions\/11295"}],"wp:featuredmedia":[{"embeddable":true,"href":"https:\/\/tvc16.com\/portal\/wp-json\/wp\/v2\/media\/11294"}],"wp:attachment":[{"href":"https:\/\/tvc16.com\/portal\/wp-json\/wp\/v2\/media?parent=11293"}],"wp:term":[{"taxonomy":"category","embeddable":true,"href":"https:\/\/tvc16.com\/portal\/wp-json\/wp\/v2\/categories?post=11293"},{"taxonomy":"post_tag","embeddable":true,"href":"https:\/\/tvc16.com\/portal\/wp-json\/wp\/v2\/tags?post=11293"}],"curies":[{"name":"wp","href":"https:\/\/api.w.org\/{rel}","templated":true}]}}