{"id":11296,"date":"2021-03-11T23:18:14","date_gmt":"2021-03-12T02:18:14","guid":{"rendered":"https:\/\/tvc16.com\/portal\/?p=11296"},"modified":"2021-03-11T23:18:18","modified_gmt":"2021-03-12T02:18:18","slug":"prefeito-interino-hingo-hammes-recebeu-o-presidente-do-crefito-2-wilen-heil-e-silva","status":"publish","type":"post","link":"https:\/\/tvc16.com\/portal\/2021\/03\/11\/prefeito-interino-hingo-hammes-recebeu-o-presidente-do-crefito-2-wilen-heil-e-silva\/","title":{"rendered":"Prefeito interino Hingo Hammes recebeu o presidente do CREFITO-2, Wilen Heil e Silva"},"content":{"rendered":"\n<p><\/p>\n\n\n\n<p>O objetivo foi alinhar a\u00e7\u00f5es em conjunto, como treinamentos, atualiza\u00e7\u00f5es e a capacita\u00e7\u00e3o dos profissionais que atuam na cidade, al\u00e9m de uma coopera\u00e7\u00e3o t\u00e9cnica na busca por conv\u00eanios e parcerias. Segundo o Conselho Regional de Fisioterapia e Terapia Ocupacional do Estado do Rio de Janeiro, cerca de 900 fisioterapeutas atuam no munic\u00edpio.<\/p>\n\n\n\n<p>&#8220;Esse di\u00e1logo \u00e9 important\u00edssimo em todas as \u00e1reas. Atrav\u00e9s da parceria com o Conselho, vamos conseguir buscar conv\u00eanios para o nosso munic\u00edpio, al\u00e9m de treinamento para os profissionais que atuam na cidade&#8221;, destacou o prefeito interino Hingo Hammes, ressaltando ainda a import\u00e2ncia dos profissionais de fisioterapia no tratamento da Covid-19.<\/p>\n\n\n\n<p>&#8220;O acompanhamento de um fisioterapeuta \u00e9 importante desde o momento da chegada do paciente na unidade de sa\u00fade at\u00e9 o momento de sua alta. Em alguns casos, desse profissional continua at\u00e9 mesmo ap\u00f3s a pessoa se recuperar da doen\u00e7a&#8221;, completou o prefeito interino Hingo Hammes.<\/p>\n\n\n\n<p>Segundo Wilen Heil e Silva, o encontro serviu como a porta de entrada do CREFITO-2 para a\u00e7\u00f5es em prol da categoria. Treinamentos, capacita\u00e7\u00f5es e atualiza\u00e7\u00f5es dos profissionais de fisioterapia est\u00e3o previstos para acontecer nos pr\u00f3ximos meses.<\/p>\n\n\n\n<p>&#8220;Sa\u00edmos daqui muito satisfeitos com a reuni\u00e3o. Nosso objetivo \u00e9 trabalhar em conjunto, em parceria com a prefeitura, pensando na melhoria das pol\u00edticas p\u00fablicas de sa\u00fade em Petr\u00f3polis&#8221;, destacou o presidente do Conselho.<\/p>\n","protected":false},"excerpt":{"rendered":"<p>O objetivo foi alinhar a\u00e7\u00f5es em conjunto, como treinamentos, atualiza\u00e7\u00f5es e a capacita\u00e7\u00e3o dos profissionais<\/p>\n","protected":false},"author":2,"featured_media":11297,"comment_status":"open","ping_status":"open","sticky":false,"template":"","format":"standard","meta":{"footnotes":""},"categories":[12],"tags":[],"class_list":["post-11296","post","type-post","status-publish","format-standard","has-post-thumbnail","hentry","category-cidade"],"_links":{"self":[{"href":"https:\/\/tvc16.com\/portal\/wp-json\/wp\/v2\/posts\/11296","targetHints":{"allow":["GET"]}}],"collection":[{"href":"https:\/\/tvc16.com\/portal\/wp-json\/wp\/v2\/posts"}],"about":[{"href":"https:\/\/tvc16.com\/portal\/wp-json\/wp\/v2\/types\/post"}],"author":[{"embeddable":true,"href":"https:\/\/tvc16.com\/portal\/wp-json\/wp\/v2\/users\/2"}],"replies":[{"embeddable":true,"href":"https:\/\/tvc16.com\/portal\/wp-json\/wp\/v2\/comments?post=11296"}],"version-history":[{"count":1,"href":"https:\/\/tvc16.com\/portal\/wp-json\/wp\/v2\/posts\/11296\/revisions"}],"predecessor-version":[{"id":11298,"href":"https:\/\/tvc16.com\/portal\/wp-json\/wp\/v2\/posts\/11296\/revisions\/11298"}],"wp:featuredmedia":[{"embeddable":true,"href":"https:\/\/tvc16.com\/portal\/wp-json\/wp\/v2\/media\/11297"}],"wp:attachment":[{"href":"https:\/\/tvc16.com\/portal\/wp-json\/wp\/v2\/media?parent=11296"}],"wp:term":[{"taxonomy":"category","embeddable":true,"href":"https:\/\/tvc16.com\/portal\/wp-json\/wp\/v2\/categories?post=11296"},{"taxonomy":"post_tag","embeddable":true,"href":"https:\/\/tvc16.com\/portal\/wp-json\/wp\/v2\/tags?post=11296"}],"curies":[{"name":"wp","href":"https:\/\/api.w.org\/{rel}","templated":true}]}}