{"id":11299,"date":"2021-03-11T23:20:51","date_gmt":"2021-03-12T02:20:51","guid":{"rendered":"https:\/\/tvc16.com\/portal\/?p=11299"},"modified":"2021-03-11T23:20:53","modified_gmt":"2021-03-12T02:20:53","slug":"petropolis-registra-nesta-quinta-feira-mais-quatro-obitos-pela-covid-19","status":"publish","type":"post","link":"https:\/\/tvc16.com\/portal\/2021\/03\/11\/petropolis-registra-nesta-quinta-feira-mais-quatro-obitos-pela-covid-19\/","title":{"rendered":"Petr\u00f3polis registra nesta quinta-feira, mais quatro \u00f3bitos pela Covid-19"},"content":{"rendered":"\n<p><\/p>\n\n\n\n<p>O boletim epidemiol\u00f3gico da Secretaria de Sa\u00fade desta quinta-feira (11) mostra que neste momento, 119 pessoas est\u00e3o internadas em leitos de UTI privados e pelo SUS. Outras 81 est\u00e3o em leitos cl\u00ednicos, considerando leitos privados e SUS, totalizando assim, 200 interna\u00e7\u00f5es em toda a rede da cidade. A ocupa\u00e7\u00e3o de leitos cl\u00ednicos pelo SUS \u00e9 de 78,18% e 69,52% em leitos de UTI.<\/p>\n\n\n\n<p>A Secretaria de Sa\u00fade esclarece que o n\u00famero de \u00f3bitos, hoje em 590, \u00e9 atualizado nos boletins apenas ap\u00f3s o registro do atestado de \u00f3bito e do resultado do exame do paciente no sistema da Vigil\u00e2ncia Epidemiol\u00f3gica, o que \u00e9 feito por equipe administrativa. Trata-se de medida de seguran\u00e7a para evitar erro na informa\u00e7\u00e3o divulgada pela Secretaria de Sa\u00fade.<\/p>\n\n\n\n<p>A Secretaria acrescenta, ainda, que trabalha na atualiza\u00e7\u00e3o de dados de notifica\u00e7\u00f5es e casos em an\u00e1lise no sistema, inserindo ainda dados n\u00e3o lan\u00e7ados no fim do ano passado. \u00c9 poss\u00edvel acompanhar a evolu\u00e7\u00e3o dos casos no portal da transpar\u00eancia do coronav\u00edrus, no site da Prefeitura (www.petropolis.rj.gov.br)<\/p>\n\n\n\n<p>\u00d3bitos registrados:<\/p>\n\n\n\n<p>Homem, 89 anos, morador no Centro. Internado em 28\/02 no Hospital Unimed. \u00d3bito registrado em 09\/03. Paciente com hipertens\u00e3o arterial, hiperuricemia e hipotireoidismo.<\/p>\n\n\n\n<p>Mulher, 71 anos, moradora no Bairro Esperan\u00e7a. Internado no HMNSE em 25\/02 e transferido para o HNSA. \u00d3bito registrado em 11\/03. Paciente com hipertens\u00e3o arterial e diabete.<\/p>\n\n\n\n<p>Homem, 54 anos, morador na Mosela. Internado em 04\/03 na UPA Cascatinha e transferido para o HNSA. \u00d3bito registrado em 09\/03. Paciente com hipertens\u00e3o arterial.<\/p>\n\n\n\n<p>Mulher, 70 anos, moradora no Itamarati. Internada em 04\/03 na UPA Cascatinha e transferida para o HNSA. \u00d3bito registrado em 09\/03. Paciente sem comorbidades.<\/p>\n","protected":false},"excerpt":{"rendered":"<p>O boletim epidemiol\u00f3gico da Secretaria de Sa\u00fade desta quinta-feira (11) mostra que neste momento, 119<\/p>\n","protected":false},"author":2,"featured_media":11300,"comment_status":"open","ping_status":"open","sticky":false,"template":"","format":"standard","meta":{"footnotes":""},"categories":[12],"tags":[],"class_list":["post-11299","post","type-post","status-publish","format-standard","has-post-thumbnail","hentry","category-cidade"],"_links":{"self":[{"href":"https:\/\/tvc16.com\/portal\/wp-json\/wp\/v2\/posts\/11299","targetHints":{"allow":["GET"]}}],"collection":[{"href":"https:\/\/tvc16.com\/portal\/wp-json\/wp\/v2\/posts"}],"about":[{"href":"https:\/\/tvc16.com\/portal\/wp-json\/wp\/v2\/types\/post"}],"author":[{"embeddable":true,"href":"https:\/\/tvc16.com\/portal\/wp-json\/wp\/v2\/users\/2"}],"replies":[{"embeddable":true,"href":"https:\/\/tvc16.com\/portal\/wp-json\/wp\/v2\/comments?post=11299"}],"version-history":[{"count":1,"href":"https:\/\/tvc16.com\/portal\/wp-json\/wp\/v2\/posts\/11299\/revisions"}],"predecessor-version":[{"id":11301,"href":"https:\/\/tvc16.com\/portal\/wp-json\/wp\/v2\/posts\/11299\/revisions\/11301"}],"wp:featuredmedia":[{"embeddable":true,"href":"https:\/\/tvc16.com\/portal\/wp-json\/wp\/v2\/media\/11300"}],"wp:attachment":[{"href":"https:\/\/tvc16.com\/portal\/wp-json\/wp\/v2\/media?parent=11299"}],"wp:term":[{"taxonomy":"category","embeddable":true,"href":"https:\/\/tvc16.com\/portal\/wp-json\/wp\/v2\/categories?post=11299"},{"taxonomy":"post_tag","embeddable":true,"href":"https:\/\/tvc16.com\/portal\/wp-json\/wp\/v2\/tags?post=11299"}],"curies":[{"name":"wp","href":"https:\/\/api.w.org\/{rel}","templated":true}]}}