{"id":11305,"date":"2021-03-12T06:50:56","date_gmt":"2021-03-12T09:50:56","guid":{"rendered":"https:\/\/tvc16.com\/portal\/?p=11305"},"modified":"2021-03-12T06:50:58","modified_gmt":"2021-03-12T09:50:58","slug":"levantamento-sobre-educacao-na-pandemia-aponta-desigualdade-entre-as-redes-municipais-de-ensino","status":"publish","type":"post","link":"https:\/\/tvc16.com\/portal\/2021\/03\/12\/levantamento-sobre-educacao-na-pandemia-aponta-desigualdade-entre-as-redes-municipais-de-ensino\/","title":{"rendered":"Levantamento sobre educa\u00e7\u00e3o na pandemia aponta desigualdade entre as redes municipais de ensino"},"content":{"rendered":"\n<p>Repasses da Uni\u00e3o podem diminuir as desigualdades na esfera educacional, afirma professora da UnB, Catarina de Almeida Santos<\/p>\n\n\n\n<p>Pesquisa da Undime sobre Volta \u00e0s Aulas aponta desigualdade no acesso a tecnologias entre as redes municipais de educa\u00e7\u00e3o. Segundo o levantamento, 91,9% das redes respondentes completou o ano letivo de 2020 com atividades n\u00e3o presenciais. No entanto, dentre os recursos utilizados, os aplicativos especializados e as plataformas pedag\u00f3gicas est\u00e3o mais presentes em munic\u00edpios maiores.<\/p>\n\n\n\n<p>Lara F\u00e9lix de Faria, de 15 anos, \u00e9 aluna da rede municipal de ensino de Arceburgo \u2013 cidade mineira com cerca de 10 mil habitantes. A estudante conta que durante o ano de 2020 \u2013 no qual cursou o 9\u00ba ano do ensino fundamental \u2013 a escola distribuiu atividades em material impresso e as orienta\u00e7\u00f5es eram passadas pelo WhatsApp.&nbsp;<\/p>\n\n\n\n<p>A jovem diz que se sente prejudicada com o modelo. \u201cApesar do esfor\u00e7o dos professores para nos ajudar, acredito que tenha sido prejudicial, j\u00e1 que nada \u00e9 capaz de substituir aulas presenciais. At\u00e9 mesmo se tivesse tido aulas online, como acontece em outras escolas, acho teria sido mais proveitoso\u201d, comenta.<\/p>\n\n\n\n<p>J\u00e1 Kelly da Silva Almeida foi aluna da rede municipal de ensino de Ribeir\u00e3o Preto, cidade do interior paulista com mais de 700 mil habitantes. Durante o ano letivo de 2020, ela contou com atividades enviadas por uma plataforma online.<\/p>\n\n\n\n<p>Segundo a professora da Universidade de Bras\u00edlia (UnB) e coordenadora do Comit\u00ea-DF da Campanha Nacional Pelo Direito \u00e0 Educa\u00e7\u00e3o, Catarina de Almeida Santos, \u00e9 a capacidade arrecadat\u00f3ria dos munic\u00edpios que gera a desigualdade entre as redes de educa\u00e7\u00e3o.<\/p>\n\n\n\n<p>\u201cA maioria dos munic\u00edpios menores tem menos poder de arrecada\u00e7\u00e3o. Alguns t\u00eam poder muito baixo e sobrevivem das transfer\u00eancias dos estados e da Uni\u00e3o. Se a popula\u00e7\u00e3o \u00e9 mais pobre, a arrecada\u00e7\u00e3o \u00e9 menor ainda\u201d, explica.<\/p>\n\n\n\n<figure class=\"wp-block-image\"><img decoding=\"async\" src=\"\/\/s3-sa-east-1.amazonaws.com\/agencia-radio-arb\/3768\/content_Arte_-_Estrat%C3%A9gia_pedag%C3%B3gica.jpeg\" alt=\"Arte - Brasil 61\" title=\"Estrat\u00e9gia pedag\u00f3gica - Arte: Brasil 61 - Fonte: Undime\"\/><\/figure>\n\n\n\n<p>A maioria das redes municipais concentrou as atividades em materiais impressos (95,3%) e orienta\u00e7\u00f5es por WhatsApp (92,9%); mas tamb\u00e9m foram utilizadas videoaulas gravadas (61,3%), orienta\u00e7\u00f5es online por aplicativos (54%), plataformas educacionais (22,5%), videoaulas online ao vivo (21,3%), aulas pela TV (4,1%) e pelo r\u00e1dio (2,6%). Apenas 2,4% das redes n\u00e3o oferecem atividades remotas.<\/p>\n\n\n\n<p>A professora Catarina ressalta que nenhum ente federado tem responsabilidade \u00fanica sobre o direito da educa\u00e7\u00e3o, mas a Uni\u00e3o e os estados podem reduzir as desigualdades entre os munic\u00edpios, j\u00e1 que possuem maior capacidade arrecadat\u00f3ria. No entanto, segundo a professora, os repasses da Uni\u00e3o n\u00e3o t\u00eam sido suficientes.<\/p>\n\n\n\n<p>\u201cS\u00f3 tem como reduzir a desigualdade se tiver ajuda dos que arrecadam mais para aqueles que arrecadam menos. O Fundeb visa diminuir essa desigualdade nas condi\u00e7\u00f5es de oferta educacional. Mas isso \u00e9 uma quest\u00e3o que diminui a desigualdade e n\u00e3o resolve. Sobretudo porque a complementa\u00e7\u00e3o da Uni\u00e3o n\u00e3o \u00e9 suficiente\u201d, comenta.<\/p>\n\n\n\n<p>O estudo tamb\u00e9m aponta que o acesso dos estudantes \u00e0 internet foi o principal desafio enfrentado pelas redes, em 2020: 78,6% identificaram um grau de dificuldade entre m\u00e9dio e alto nesse quesito. O presidente da Undime, Luiz Miguel Martins Garcia, destaca a import\u00e2ncia de ampliar a conex\u00e3o no Pa\u00eds como a san\u00e7\u00e3o do <a href=\"https:\/\/www.camara.leg.br\/proposicoesWeb\/fichadetramitacao?idProposicao=2256081\">Projeto de Lei 3.477\/2020<\/a>.<\/p>\n\n\n\n<p>\u201cEsse projeto \u00e9 essencial para que a gente possa acelerar algumas pol\u00edticas, como a <a href=\"http:\/\/educacaoconectada.mec.gov.br\/\">Educa\u00e7\u00e3o Conectada<\/a>, que tem a previs\u00e3o de levar internet de banda larga a todas as escolas. Mas a previs\u00e3o dele \u00e9 terminar [a implementa\u00e7\u00e3o] em 2024. A Undime j\u00e1 tem levado esse pedido: antecipar para 2021.\u201d<\/p>\n\n\n\n<p>Em segundo lugar est\u00e1 a adequa\u00e7\u00e3o da infraestrutura das escolas p\u00fablicas municipais, a qual 69,2% das redes classificaram como m\u00e9dia e alta dificuldade. Outros desafios apontados pelas redes s\u00e3o planejamento pedag\u00f3gico, acesso dos professores \u00e0 internet, forma\u00e7\u00e3o dos profissionais e trabalhadores em educa\u00e7\u00e3o e reorganiza\u00e7\u00e3o do calend\u00e1rio letivo 2020 e 2021.<\/p>\n\n\n\n<h2 class=\"wp-block-heading\">Volta presencial<\/h2>\n\n\n\n<p>Durante o per\u00edodo do levantamento de dados (29 de janeiro e 21 de fevereiro), mais de 90% das redes disseram que pretendiam retornar as aulas entre janeiro e mar\u00e7o de 2021, sendo 63,3% delas de forma n\u00e3o presencial; 26,3% de forma h\u00edbrida; 3,8% presencialmente e 6,6% ainda n\u00e3o tinha definido.<\/p>\n\n\n\n<p>Segundo a pesquisa, em m\u00e9dia, metade das redes respondentes ofereceu forma\u00e7\u00f5es relacionas \u00e0 Covid-19, em 2020. Os principais temas abordados foram protocolos de seguran\u00e7a sanit\u00e1ria nas escolas (77,9%); tecnologias para ensino remoto (74,1%) e acolhimento e compet\u00eancias socioemocionais (72,1%). No entanto, os dados evidenciam uma clara tend\u00eancia positiva em favor das redes maiores.<\/p>\n\n\n\n<figure class=\"wp-block-image\"><img decoding=\"async\" src=\"\/\/s3-sa-east-1.amazonaws.com\/agencia-radio-arb\/3769\/content_Arte_-_Forma%C3%A7%C3%A3o.jpeg\" alt=\"Arte - Brasil 61\" title=\"Forma\u00e7\u00e3o - Arte: Brasil 61 - Fonte: Undime\"\/><\/figure>\n\n\n\n<p>Al\u00e9m disso, 93,5% das redes municipais j\u00e1 conclu\u00edram ou est\u00e3o em processo de discuss\u00e3o dos protocolos de seguran\u00e7a. No entanto, entre os munic\u00edpios com at\u00e9 10 mil habitantes, apenas 30,3% das redes conclu\u00edram o processo; enquanto que em cidade com mais de 100 mil habitantes, o percentual sobe para 63,3%.<\/p>\n\n\n\n<p>A professora da UnB, Catarina de Almeida Santos, lembra que os munic\u00edpios de maior porte possuem escolas tanto na rede municipal quanto estadual, o que cria uma press\u00e3o para que as unidades sigam o mesmo calend\u00e1rio de retorno das aulas.&nbsp;<\/p>\n\n\n\n<p>\u201cNos munic\u00edpios menores, quase n\u00e3o tem escola estadual. Ent\u00e3o tem menos press\u00e3o para o gestor retornar com o calend\u00e1rio da Secretaria Estadual. Al\u00e9m disso, eles t\u00eam menos condi\u00e7\u00f5es de oferecer seguran\u00e7a\u201d, explica.<\/p>\n\n\n\n<p>\u00cdtalo Dutra, chefe de Educa\u00e7\u00e3o do UNICEF no Brasil, refor\u00e7a a import\u00e2ncia de envolver a comunidade escolar nesse processo de constru\u00e7\u00e3o dos protocolos de seguran\u00e7a sanit\u00e1ria.<\/p>\n\n\n\n<p>\u201c\u00c9 fundamental seguir todos os protocolos de preven\u00e7\u00e3o da Covid-19, como uso de m\u00e1scara, higieniza\u00e7\u00e3o das m\u00e3os, distanciamento social \u2013 tanto dentro da escola, quanto fora dela. E obviamente, \u00e9 imprescind\u00edvel envolver professores e demais profissionais da educa\u00e7\u00e3o, estudantes, seus familiares e a comunidade escolar como um todo, no processo de constru\u00e7\u00e3o das condi\u00e7\u00f5es para reabertura segura das escolas\u201d, afirma.<\/p>\n\n\n\n<p>A pesquisa completa est\u00e1 dispon\u00edvel no <a href=\"http:\/\/undime.org.br\/uploads\/documentos\/phpb9nCNP_6048f0cf083f8.pdf\">link<\/a>.<\/p>\n\n\n\n<p>Fonte: <a href=\"https:\/\/brasil61.com\/noticias\/levantamento-sobre-educacao-na-pandemia-aponta-desigualdade-entre-as-redes-municipais-de-ensino-bras214153?email=bethdeoliveira@yahoo.com.br&amp;utm_source=newsletter&amp;utm_medium=newsletter&amp;utm_campaign=newsletter\" target=\"_blank\" rel=\"noreferrer noopener\">Brasil 61<\/a><\/p>\n\n\n\n<p><\/p>\n","protected":false},"excerpt":{"rendered":"<p>Repasses da Uni\u00e3o podem diminuir as desigualdades na esfera educacional, afirma professora da UnB, Catarina<\/p>\n","protected":false},"author":2,"featured_media":11306,"comment_status":"open","ping_status":"open","sticky":false,"template":"","format":"standard","meta":{"footnotes":""},"categories":[17],"tags":[],"class_list":["post-11305","post","type-post","status-publish","format-standard","has-post-thumbnail","hentry","category-outras-noticias"],"_links":{"self":[{"href":"https:\/\/tvc16.com\/portal\/wp-json\/wp\/v2\/posts\/11305","targetHints":{"allow":["GET"]}}],"collection":[{"href":"https:\/\/tvc16.com\/portal\/wp-json\/wp\/v2\/posts"}],"about":[{"href":"https:\/\/tvc16.com\/portal\/wp-json\/wp\/v2\/types\/post"}],"author":[{"embeddable":true,"href":"https:\/\/tvc16.com\/portal\/wp-json\/wp\/v2\/users\/2"}],"replies":[{"embeddable":true,"href":"https:\/\/tvc16.com\/portal\/wp-json\/wp\/v2\/comments?post=11305"}],"version-history":[{"count":1,"href":"https:\/\/tvc16.com\/portal\/wp-json\/wp\/v2\/posts\/11305\/revisions"}],"predecessor-version":[{"id":11307,"href":"https:\/\/tvc16.com\/portal\/wp-json\/wp\/v2\/posts\/11305\/revisions\/11307"}],"wp:featuredmedia":[{"embeddable":true,"href":"https:\/\/tvc16.com\/portal\/wp-json\/wp\/v2\/media\/11306"}],"wp:attachment":[{"href":"https:\/\/tvc16.com\/portal\/wp-json\/wp\/v2\/media?parent=11305"}],"wp:term":[{"taxonomy":"category","embeddable":true,"href":"https:\/\/tvc16.com\/portal\/wp-json\/wp\/v2\/categories?post=11305"},{"taxonomy":"post_tag","embeddable":true,"href":"https:\/\/tvc16.com\/portal\/wp-json\/wp\/v2\/tags?post=11305"}],"curies":[{"name":"wp","href":"https:\/\/api.w.org\/{rel}","templated":true}]}}