{"id":11308,"date":"2021-03-12T06:55:23","date_gmt":"2021-03-12T09:55:23","guid":{"rendered":"https:\/\/tvc16.com\/portal\/?p=11308"},"modified":"2021-03-12T06:55:24","modified_gmt":"2021-03-12T09:55:24","slug":"gerente-tecnico-do-censo-2021-esclarece-como-sera-feita-a-pesquisa-em-meio-a-pandemia","status":"publish","type":"post","link":"https:\/\/tvc16.com\/portal\/2021\/03\/12\/gerente-tecnico-do-censo-2021-esclarece-como-sera-feita-a-pesquisa-em-meio-a-pandemia\/","title":{"rendered":"Gerente t\u00e9cnico do Censo 2021 esclarece como ser\u00e1 feita a pesquisa em meio a pandemia"},"content":{"rendered":"\n<p>Em um bate papo exclusivo com o portal Brasil 61.com, Luciano Duarte deu detalhes de como deve acontecer a coleta de dados este ano diante da crise sanit\u00e1ria<\/p>\n\n\n\n<p>O Censo Populacional, realizado a cada dez anos, seria feito em 2020 e foi adiado para 2021, por causa da pandemia do novo coronav\u00edrus. Em um bate papo exclusivo com o Brasil 61.com, o gerente t\u00e9cnico do Censo 2021, Luciano Duarte, deu detalhes de como deve acontecer a coleta de dados este ano em meio ao receio da popula\u00e7\u00e3o diante da crise sanit\u00e1ria. O in\u00edcio est\u00e1 previsto para o dia primeiro de agosto.\u00a0<br>\u00a0<br>\u201cEstamos trabalhando e j\u00e1 temos um protocolo de seguran\u00e7a. Os agentes est\u00e3o todos instru\u00eddos a fazer o uso de m\u00e1scara, \u00e1lcool em gel, face shield e n\u00e3o ter aproxima\u00e7\u00e3o com os informantes\u201d, afirmou.\u00a0<br>\u00a0<br>Os dados coletados pelo Instituto Brasileiro de Geografia e Estat\u00edstica (IBGE) tem por objetivo contar os habitantes do territ\u00f3rio nacional, identificar suas caracter\u00edsticas e revelar como vivem os brasileiros, produzindo informa\u00e7\u00f5es imprescind\u00edveis para a defini\u00e7\u00e3o de pol\u00edticas p\u00fablicas e a tomada de decis\u00f5es de investimentos, tanto da iniciativa privada ou de qualquer n\u00edvel de governo.\u00a0<\/p>\n\n\n\n<p>O Censo tamb\u00e9m \u00e9 a \u00fanica fonte de refer\u00eancia sobre a situa\u00e7\u00e3o de vida da popula\u00e7\u00e3o nos munic\u00edpios e em seus recortes internos, como distritos, bairros e localidades, rurais ou urbanas, cujas realidades dependem de seus resultados para serem conhecidas e terem seus dados atualizados.<br>\u00a0<br>Todos os munic\u00edpios recebem a coleta para fazer parte da estat\u00edstica. Duarte destacou o processo participativo entre o instituto e os gestores locais. \u201cA participa\u00e7\u00e3o das prefeituras \u00e9 important\u00edssima na realiza\u00e7\u00e3o do censo, s\u00e3o parceiros. Em geral, a gente conta com as prefeituras, por exemplo, para espa\u00e7o de instala\u00e7\u00e3o dos postos de coleta. Espa\u00e7o dispon\u00edvel tamb\u00e9m para a realiza\u00e7\u00e3o dos treinamentos dos supervisores recenseadores.\u201d<\/p>\n\n\n\n<h2 class=\"wp-block-heading\">Seguran\u00e7a de dados<\/h2>\n\n\n\n<p>Al\u00e9m da quest\u00e3o sanit\u00e1ria, outra grande preocupa\u00e7\u00e3o da popula\u00e7\u00e3o que vai receber os recenseadores em casa \u00e9 o medo de cair em golpes. Quanto a isso, Duarte enfatizou que todos que far\u00e3o a coleta domiciliar devem estar devidamente identificados.&nbsp;<br>&nbsp;<br>\u201cTodos os agentes v\u00e3o estar paramentados, com seu colete e crach\u00e1. Esse crach\u00e1 tem um QR code que a pessoa pode escanear ali na hora e conferir diretamente a identidade desse agente\u201d, afirmou.<br>&nbsp;<br>O concurso para as vagas de recenseador, que vai de porta em porta entrevistando moradores dos domic\u00edlios brasileiros, j\u00e1 est\u00e1 aberto e as inscri\u00e7\u00f5es podem ser feitas at\u00e9 o dia 19 de mar\u00e7o. S\u00e3o 204.307 vagas tempor\u00e1rias, em quase todos os munic\u00edpios, com sal\u00e1rios de at\u00e9 R$ 2.100.&nbsp;<br>&nbsp;<br>Toda a popula\u00e7\u00e3o \u00e9 obrigada por lei a dar informa\u00e7\u00f5es ao IBGE. Ser\u00e3o aplicados dois question\u00e1rios, um b\u00e1sico, que \u00e9 feito a toda a popula\u00e7\u00e3o e um aliado, para uma amostra de 11% dos munic\u00edpios. O gerente t\u00e9cnico garante o sigilo das informa\u00e7\u00f5es. \u201cO IBGE det\u00e9m o uso dessas informa\u00e7\u00f5es estritamente para estat\u00edsticas e ser\u00e3o divulgadas em n\u00edvel adequado. Nenhuma informa\u00e7\u00e3o pessoal, como por exemplo o nome da pessoa, vai ser publicado\u201d, disse.<\/p>\n\n\n\n<p>O gerente refor\u00e7ou o apelo \u00e0 popula\u00e7\u00e3o de que recebam os recenseadores em casa. \u201c\u00c9 um produto muito importante para o Pa\u00eds. Exer\u00e7a a cidadania respondendo \u00e0s perguntas do Censo Demogr\u00e1fico\u201d, destacou.&nbsp;<br>&nbsp;<br>A previs\u00e3o \u00e9 que seja divulgado o primeiro resultado do Censo, que \u00e9 o total populacional para os munic\u00edpios, no in\u00edcio do ano que vem e a partir da\u00ed existem v\u00e1rias publica\u00e7\u00f5es tem\u00e1ticas.<\/p>\n\n\n\n<p>Fonte: <a href=\"https:\/\/brasil61.com\/noticias\/gerente-tecnico-do-censo-2021-esclarece-como-sera-feita-a-pesquisa-em-meio-a-pandemia-bras214151?email=bethdeoliveira@yahoo.com.br&amp;utm_source=newsletter&amp;utm_medium=newsletter&amp;utm_campaign=newsletter\" target=\"_blank\" rel=\"noreferrer noopener\">Brasil 61<\/a><\/p>\n","protected":false},"excerpt":{"rendered":"<p>Em um bate papo exclusivo com o portal Brasil 61.com, Luciano Duarte deu detalhes de<\/p>\n","protected":false},"author":2,"featured_media":11309,"comment_status":"open","ping_status":"open","sticky":false,"template":"","format":"standard","meta":{"footnotes":""},"categories":[17],"tags":[],"class_list":["post-11308","post","type-post","status-publish","format-standard","has-post-thumbnail","hentry","category-outras-noticias"],"_links":{"self":[{"href":"https:\/\/tvc16.com\/portal\/wp-json\/wp\/v2\/posts\/11308","targetHints":{"allow":["GET"]}}],"collection":[{"href":"https:\/\/tvc16.com\/portal\/wp-json\/wp\/v2\/posts"}],"about":[{"href":"https:\/\/tvc16.com\/portal\/wp-json\/wp\/v2\/types\/post"}],"author":[{"embeddable":true,"href":"https:\/\/tvc16.com\/portal\/wp-json\/wp\/v2\/users\/2"}],"replies":[{"embeddable":true,"href":"https:\/\/tvc16.com\/portal\/wp-json\/wp\/v2\/comments?post=11308"}],"version-history":[{"count":1,"href":"https:\/\/tvc16.com\/portal\/wp-json\/wp\/v2\/posts\/11308\/revisions"}],"predecessor-version":[{"id":11310,"href":"https:\/\/tvc16.com\/portal\/wp-json\/wp\/v2\/posts\/11308\/revisions\/11310"}],"wp:featuredmedia":[{"embeddable":true,"href":"https:\/\/tvc16.com\/portal\/wp-json\/wp\/v2\/media\/11309"}],"wp:attachment":[{"href":"https:\/\/tvc16.com\/portal\/wp-json\/wp\/v2\/media?parent=11308"}],"wp:term":[{"taxonomy":"category","embeddable":true,"href":"https:\/\/tvc16.com\/portal\/wp-json\/wp\/v2\/categories?post=11308"},{"taxonomy":"post_tag","embeddable":true,"href":"https:\/\/tvc16.com\/portal\/wp-json\/wp\/v2\/tags?post=11308"}],"curies":[{"name":"wp","href":"https:\/\/api.w.org\/{rel}","templated":true}]}}