{"id":11311,"date":"2021-03-12T07:19:31","date_gmt":"2021-03-12T10:19:31","guid":{"rendered":"https:\/\/tvc16.com\/portal\/?p=11311"},"modified":"2021-03-12T07:19:33","modified_gmt":"2021-03-12T10:19:33","slug":"supermercados-registram-alta-12-nas-vendas-de-janeiro","status":"publish","type":"post","link":"https:\/\/tvc16.com\/portal\/2021\/03\/12\/supermercados-registram-alta-12-nas-vendas-de-janeiro\/","title":{"rendered":"Supermercados registram alta 12% nas vendas de janeiro"},"content":{"rendered":"\n<h3 class=\"wp-block-heading\">Expectativa \u00e9 de aumento de vendas para P\u00e1scoa<\/h3>\n\n\n\n<p>Os supermercados registraram alta de 12% nas vendas de janeiro em compara\u00e7\u00e3o com o mesmo m\u00eas de 2020, segundo balan\u00e7o divulgado nesta quinta-feira (11) pela Associa\u00e7\u00e3o Brasileira de Supermercados (Abras).<img decoding=\"async\" src=\"https:\/\/agenciabrasil.ebc.com.br\/ebc.png?id=1403661&amp;o=node\"><img decoding=\"async\" src=\"https:\/\/agenciabrasil.ebc.com.br\/ebc.gif?id=1403661&amp;o=node\"><\/p>\n\n\n\n<p>Para o vice-presidente Administrativo da entidade, Marcio Milan, com as restri\u00e7\u00f5es impostas a outros setores do com\u00e9rcio devido \u00e0 pandemia da covid-19, os supermercados acabam suprindo as necessidades dos consumidores, o que impulsiona as vendas.&nbsp;<\/p>\n\n\n\n<p>\u201cCom as restri\u00e7\u00f5es de funcionamento de muitos estabelecimentos pelo Brasil, o setor, por ser essencial, foi uma op\u00e7\u00e3o na compra de diversos itens\u201d, enfatizou Milan.<\/p>\n\n\n\n<p>Nas vendas para a P\u00e1scoa, a associa\u00e7\u00e3o espera um crescimento de at\u00e9 15% em rela\u00e7\u00e3o ao ano passado. De acordo com Milan, em 2021 os supermercados est\u00e3o mais preparados para lidar com a pandemia, especialmente na log\u00edstica de vendas pela internet.&nbsp;<\/p>\n\n\n\n<p>\u201cEm 2020 fomos pegos de surpresa com a chegada da pandemia e do isolamento social bem pr\u00f3ximos da P\u00e1scoa. Este ano o setor se preparou para as vendas em per\u00edodo mais remoto, e conta ainda com uma for\u00e7a maior do e-commerce, que ganhou mais clientes durante a pandemia\u201d, ressaltou.<\/p>\n\n\n\n<p>Os supermercados acreditam em boas vendas principalmente dos chocolates com menor valor agregado, como as caixas de bombom que, segundo as expectativas do setor, devem ter uma alta de 12,9% nas vendas deste ano. Para as barras e tabletes de chocolate \u00e9 esperada um aumento de 11,8% na comercializa\u00e7\u00e3o em compara\u00e7\u00e3o \u00e0 P\u00e1scoa de 2020, e em rela\u00e7\u00e3o aos ovos de chocolate de at\u00e9 200 gramas, \u00e9 prevista uma alta de 9,4%.<\/p>\n\n\n\n<p>Neste ano, a Abras estima que as vendas dos supermercados devem ser 4,5% maiores do que ao longo de 2020.<\/p>\n\n\n\n<p>Por Daniel Mello &#8211; Rep\u00f3rter da Ag\u00eancia Brasil &#8211; S\u00e3o Paulo<\/p>\n\n\n\n<p>Edi\u00e7\u00e3o: Fernando Fraga<\/p>\n","protected":false},"excerpt":{"rendered":"<p>Expectativa \u00e9 de aumento de vendas para P\u00e1scoa Os supermercados registraram alta de 12% nas<\/p>\n","protected":false},"author":2,"featured_media":11312,"comment_status":"open","ping_status":"open","sticky":false,"template":"","format":"standard","meta":{"footnotes":""},"categories":[17],"tags":[],"class_list":["post-11311","post","type-post","status-publish","format-standard","has-post-thumbnail","hentry","category-outras-noticias"],"_links":{"self":[{"href":"https:\/\/tvc16.com\/portal\/wp-json\/wp\/v2\/posts\/11311","targetHints":{"allow":["GET"]}}],"collection":[{"href":"https:\/\/tvc16.com\/portal\/wp-json\/wp\/v2\/posts"}],"about":[{"href":"https:\/\/tvc16.com\/portal\/wp-json\/wp\/v2\/types\/post"}],"author":[{"embeddable":true,"href":"https:\/\/tvc16.com\/portal\/wp-json\/wp\/v2\/users\/2"}],"replies":[{"embeddable":true,"href":"https:\/\/tvc16.com\/portal\/wp-json\/wp\/v2\/comments?post=11311"}],"version-history":[{"count":1,"href":"https:\/\/tvc16.com\/portal\/wp-json\/wp\/v2\/posts\/11311\/revisions"}],"predecessor-version":[{"id":11313,"href":"https:\/\/tvc16.com\/portal\/wp-json\/wp\/v2\/posts\/11311\/revisions\/11313"}],"wp:featuredmedia":[{"embeddable":true,"href":"https:\/\/tvc16.com\/portal\/wp-json\/wp\/v2\/media\/11312"}],"wp:attachment":[{"href":"https:\/\/tvc16.com\/portal\/wp-json\/wp\/v2\/media?parent=11311"}],"wp:term":[{"taxonomy":"category","embeddable":true,"href":"https:\/\/tvc16.com\/portal\/wp-json\/wp\/v2\/categories?post=11311"},{"taxonomy":"post_tag","embeddable":true,"href":"https:\/\/tvc16.com\/portal\/wp-json\/wp\/v2\/tags?post=11311"}],"curies":[{"name":"wp","href":"https:\/\/api.w.org\/{rel}","templated":true}]}}