{"id":11314,"date":"2021-03-12T09:15:27","date_gmt":"2021-03-12T12:15:27","guid":{"rendered":"https:\/\/tvc16.com\/portal\/?p=11314"},"modified":"2021-03-12T09:15:31","modified_gmt":"2021-03-12T12:15:31","slug":"emancipacao-para-as-mulheres-de-petropolis","status":"publish","type":"post","link":"https:\/\/tvc16.com\/portal\/2021\/03\/12\/emancipacao-para-as-mulheres-de-petropolis\/","title":{"rendered":"Emancipa\u00e7\u00e3o para as Mulheres de Petr\u00f3polis"},"content":{"rendered":"\n<p><\/p>\n\n\n\n<p>Na \u00faltima ter\u00e7a-feira, 9 de mar\u00e7o, Petr\u00f3polis se tornou mais uma cidade com n\u00facleo da UBM (Uni\u00e3o Brasileira de Mulheres) em lan\u00e7amento virtual. A organiza\u00e7\u00e3o \u00e9 um movimento social que atua na promo\u00e7\u00e3o e na defesa dos direitos das mulheres e contribui no caminho para a emancipa\u00e7\u00e3o h\u00e1 mais de trinta anos. A Uni\u00e3o Brasileira de Mulheres esteve na vanguarda em momentos importantes da hist\u00f3ria do feminismo e da pol\u00edtica brasileira quanto aos avan\u00e7os nas pol\u00edticas de g\u00eanero e ao processo de redemocratiza\u00e7\u00e3o do Pa\u00eds.<\/p>\n\n\n\n<p>A iniciativa foi uma a\u00e7\u00e3o das mulheres petropolitanas que lutam por um feminismo popular e presente nas comunidades da cidade.<\/p>\n\n\n\n<p>A mesa do evento virtual foi presidida pela professora L\u00edvia Miranda, sendo que a reuni\u00e3o tamb\u00e9m elegeu a dire\u00e7\u00e3o municipal, constitu\u00edda por Lilian Regina Nogueira (Presidenta) e Marise Zanelatto (Vice-Presidenta).<br>A Presidenta Municipal da UBM ressaltou a import\u00e2ncia de um movimento de aproxima\u00e7\u00e3o das mulheres jovens, que s\u00e3o m\u00e3es e enfrentam o problema do desemprego na cidade. Segundo Lilian, \u201cA cidade precisa de uma pol\u00edtica de mulheres que atenda a sa\u00fade, a educa\u00e7\u00e3o, mas que, principalmente, gere emprego\u201d.<\/p>\n\n\n\n<p>O evento contou com representantes de import\u00e2ncia nacional na organiza\u00e7\u00e3o, como Vanja Santos (Presidenta Nacional), V\u00e2nia Bretas (Presidenta Estadual), Ana Kerlly (Vice-Presidenta Estadual) e Nat\u00e1lia Trindade (Presidenta da UBM Carioca).<\/p>\n\n\n\n<p>Discursos fortes e a fala marcante do Presidente municipal do PCdoB, Daniel Iliescu, deixaram evidentes que a entidade traz um debate atual contra o machismo presente na sociedade e disposi\u00e7\u00e3o de mobiliza\u00e7\u00e3o para a luta feminista de combate \u00e0 opress\u00e3o e aos retrocessos. A leitura do manifesto da UBM emocionou os participantes e evidenciou que os desafios s\u00e3o diversos e que a entidade refor\u00e7a a resist\u00eancia em prol da democracia e das conquistas de direitos.<\/p>\n\n\n\n<p>Como propostas para Petr\u00f3polis, a UBM busca ampliar a participa\u00e7\u00e3o das mulheres nos espa\u00e7os de lideran\u00e7a e a implementa\u00e7\u00e3o de pol\u00edticas p\u00fablicas de mulheres no combate \u00e0 viol\u00eancia, que apresenta \u00edndices alarmantes na cidade.<\/p>\n","protected":false},"excerpt":{"rendered":"<p>Na \u00faltima ter\u00e7a-feira, 9 de mar\u00e7o, Petr\u00f3polis se tornou mais uma cidade com n\u00facleo da<\/p>\n","protected":false},"author":2,"featured_media":11315,"comment_status":"open","ping_status":"open","sticky":false,"template":"","format":"standard","meta":{"footnotes":""},"categories":[12],"tags":[],"class_list":["post-11314","post","type-post","status-publish","format-standard","has-post-thumbnail","hentry","category-cidade"],"_links":{"self":[{"href":"https:\/\/tvc16.com\/portal\/wp-json\/wp\/v2\/posts\/11314","targetHints":{"allow":["GET"]}}],"collection":[{"href":"https:\/\/tvc16.com\/portal\/wp-json\/wp\/v2\/posts"}],"about":[{"href":"https:\/\/tvc16.com\/portal\/wp-json\/wp\/v2\/types\/post"}],"author":[{"embeddable":true,"href":"https:\/\/tvc16.com\/portal\/wp-json\/wp\/v2\/users\/2"}],"replies":[{"embeddable":true,"href":"https:\/\/tvc16.com\/portal\/wp-json\/wp\/v2\/comments?post=11314"}],"version-history":[{"count":1,"href":"https:\/\/tvc16.com\/portal\/wp-json\/wp\/v2\/posts\/11314\/revisions"}],"predecessor-version":[{"id":11316,"href":"https:\/\/tvc16.com\/portal\/wp-json\/wp\/v2\/posts\/11314\/revisions\/11316"}],"wp:featuredmedia":[{"embeddable":true,"href":"https:\/\/tvc16.com\/portal\/wp-json\/wp\/v2\/media\/11315"}],"wp:attachment":[{"href":"https:\/\/tvc16.com\/portal\/wp-json\/wp\/v2\/media?parent=11314"}],"wp:term":[{"taxonomy":"category","embeddable":true,"href":"https:\/\/tvc16.com\/portal\/wp-json\/wp\/v2\/categories?post=11314"},{"taxonomy":"post_tag","embeddable":true,"href":"https:\/\/tvc16.com\/portal\/wp-json\/wp\/v2\/tags?post=11314"}],"curies":[{"name":"wp","href":"https:\/\/api.w.org\/{rel}","templated":true}]}}