{"id":11317,"date":"2021-03-12T23:03:39","date_gmt":"2021-03-13T02:03:39","guid":{"rendered":"https:\/\/tvc16.com\/portal\/?p=11317"},"modified":"2021-03-12T23:03:49","modified_gmt":"2021-03-13T02:03:49","slug":"secretaria-de-saude-registrou-nesta-sexta-feira-mais-oito-mortes-pela-covid-19","status":"publish","type":"post","link":"https:\/\/tvc16.com\/portal\/2021\/03\/12\/secretaria-de-saude-registrou-nesta-sexta-feira-mais-oito-mortes-pela-covid-19\/","title":{"rendered":"Secretaria de Sa\u00fade registrou nesta sexta-feira mais oito mortes pela Covid-19"},"content":{"rendered":"\n<p>Neste momento, 105 pessoas est\u00e3o internadas em leitos de UTI privados e pelo SUS. Outras 86 est\u00e3o em leitos cl\u00ednicos, considerando leitos privados e SUS, totalizando assim, 191 interna\u00e7\u00f5es em toda a rede da cidade. A ocupa\u00e7\u00e3o de leitos cl\u00ednicos pelo SUS \u00e9 de 72,06% e 63,81% em leitos de UTI.<\/p>\n\n\n\n<p>A Secretaria de Sa\u00fade esclarece que o n\u00famero de \u00f3bitos, hoje em 598, \u00e9 atualizado nos boletins apenas ap\u00f3s o registro do atestado de \u00f3bito e do resultado do exame do paciente no sistema da Vigil\u00e2ncia Epidemiol\u00f3gica, o que \u00e9 feito por equipe administrativa. Trata-se de medida de seguran\u00e7a para evitar erro na informa\u00e7\u00e3o divulgada pela Secretaria de Sa\u00fade.<\/p>\n\n\n\n<p>A Secretaria acrescenta, ainda, que trabalha na atualiza\u00e7\u00e3o de dados de notifica\u00e7\u00f5es e casos em an\u00e1lise no sistema, inserindo ainda dados n\u00e3o lan\u00e7ados no fim do ano passado. \u00c9 poss\u00edvel acompanhar a evolu\u00e7\u00e3o dos casos no portal da transpar\u00eancia do coronav\u00edrus, no site da Prefeitura (www.petropolis.rj.gov.br)<\/p>\n\n\n\n<p>\u00d3bitos registrados:<\/p>\n\n\n\n<p>1 &#8211; Homem, 73 anos, morador de Cascatinha. Internado na UPA Cascatinha no dia 26.02.21 e transferido para o HCC no dia 28.02.21. \u00d3bito registrado no dia 11.03.21 no HCC. Paciente tinha hipertens\u00e3o arterial e diabetes<\/p>\n\n\n\n<p>2- Mulher, 81 anos, moradora de Correas. Internada na UPA Cascatinha no dia 26.02.21 e transferida para o HCC no dia 27.02.21. \u00d3bito registrado no dia 10.03.21. Paciente tinha hipertens\u00e3o arterial e diabetes.<\/p>\n\n\n\n<p>3- Homem, 36 anos, morador do distrito de Pedro do Rio. Internado no dia 05.03.21 e transferido para o SMH no dia 08.03.21. \u00d3bito registrado no dia 08.03.21 no SMH. Paciente tinha asma br\u00f4nquica e obesidade<\/p>\n\n\n\n<p>4- Mulher, 83 anos, moradora do Ch\u00e1cara Flora. Internada na UPA Cascatinha no dia 03.03.21. Paciente foi transferida no mesmo dia para leito de cl\u00ednica m\u00e9dica no HMNSE e no dia 08.03.21 transferida para UTI no SMH. \u00d3bito registrado no SMH no dia 09.03.21. Paciente tinha diabetes e doen\u00e7a cardiovascular cr\u00f4nica.<\/p>\n\n\n\n<p>5- Mulher, 47 anos, moradora da Castel\u00e2nea. Internada na UPA-Cascatinha no dia 07.03.21 e transferida para o HNSA no dia 08.03.21. \u00d3bito registrado no dia 12.03.21 no HNSA. Paciente tinha obesidade e hipotireoidismo.<\/p>\n\n\n\n<p>6- Homem, 70 anos, morador do Bingen. Internado na UPA Cascatinha no dia 03.03.21 e transferido para o HNSA no dia 04.03.21. \u00d3bito registrado no dia 11.03.21 no HNSA. Paciente tinha hipertens\u00e3o arterial e diabetes.<\/p>\n\n\n\n<p>7 \u2013 Mulher, 68 anos, moradora do Quissam\u00e3. Internada na UPA Cascatinha no dia 26.02.21 e transferida para o HNSA no dia 06.03.21. \u00d3bito registrado no dia 11.03.21 no HNSA. Paciente n\u00e3o tinha comorbidades.<\/p>\n\n\n\n<p>8 \u2013 Mulher, 62 anos, moradora do Retiro. Internada na UPA Cascatinha no dia 28.02.21 e transferida para o HNSA no dia 06.03.21. \u00d3bito registrado no dia 12.03.21. Paciente tinha hipertens\u00e3o arterial e obesidade.<\/p>\n","protected":false},"excerpt":{"rendered":"<p>Neste momento, 105 pessoas est\u00e3o internadas em leitos de UTI privados e pelo SUS. Outras<\/p>\n","protected":false},"author":2,"featured_media":11318,"comment_status":"open","ping_status":"open","sticky":false,"template":"","format":"standard","meta":{"footnotes":""},"categories":[12],"tags":[],"class_list":["post-11317","post","type-post","status-publish","format-standard","has-post-thumbnail","hentry","category-cidade"],"_links":{"self":[{"href":"https:\/\/tvc16.com\/portal\/wp-json\/wp\/v2\/posts\/11317","targetHints":{"allow":["GET"]}}],"collection":[{"href":"https:\/\/tvc16.com\/portal\/wp-json\/wp\/v2\/posts"}],"about":[{"href":"https:\/\/tvc16.com\/portal\/wp-json\/wp\/v2\/types\/post"}],"author":[{"embeddable":true,"href":"https:\/\/tvc16.com\/portal\/wp-json\/wp\/v2\/users\/2"}],"replies":[{"embeddable":true,"href":"https:\/\/tvc16.com\/portal\/wp-json\/wp\/v2\/comments?post=11317"}],"version-history":[{"count":1,"href":"https:\/\/tvc16.com\/portal\/wp-json\/wp\/v2\/posts\/11317\/revisions"}],"predecessor-version":[{"id":11319,"href":"https:\/\/tvc16.com\/portal\/wp-json\/wp\/v2\/posts\/11317\/revisions\/11319"}],"wp:featuredmedia":[{"embeddable":true,"href":"https:\/\/tvc16.com\/portal\/wp-json\/wp\/v2\/media\/11318"}],"wp:attachment":[{"href":"https:\/\/tvc16.com\/portal\/wp-json\/wp\/v2\/media?parent=11317"}],"wp:term":[{"taxonomy":"category","embeddable":true,"href":"https:\/\/tvc16.com\/portal\/wp-json\/wp\/v2\/categories?post=11317"},{"taxonomy":"post_tag","embeddable":true,"href":"https:\/\/tvc16.com\/portal\/wp-json\/wp\/v2\/tags?post=11317"}],"curies":[{"name":"wp","href":"https:\/\/api.w.org\/{rel}","templated":true}]}}