{"id":11336,"date":"2021-03-13T21:37:13","date_gmt":"2021-03-14T00:37:13","guid":{"rendered":"https:\/\/tvc16.com\/portal\/?p=11336"},"modified":"2021-03-13T21:37:15","modified_gmt":"2021-03-14T00:37:15","slug":"resultados-laboratoriais-de-exames-para-deteccao-da-covid-colhidos-em-toda-a-rede-publica-e-privada-do-municipio-deverao-ser-obrigatoriamente-notificados-a-secretaria-municipal-de-saude","status":"publish","type":"post","link":"https:\/\/tvc16.com\/portal\/2021\/03\/13\/resultados-laboratoriais-de-exames-para-deteccao-da-covid-colhidos-em-toda-a-rede-publica-e-privada-do-municipio-deverao-ser-obrigatoriamente-notificados-a-secretaria-municipal-de-saude\/","title":{"rendered":"Resultados laboratoriais de exames para detec\u00e7\u00e3o da Covid colhidos em toda a rede p\u00fablica e privada do Munic\u00edpio dever\u00e3o ser, obrigatoriamente, notificados \u00e0 Secretaria Municipal de Sa\u00fade"},"content":{"rendered":"\n<p><\/p>\n\n\n\n<p>O projeto de lei elaborado pela Prefeitura j\u00e1 foi encaminhado \u00e0 C\u00e2mara Municipal para an\u00e1lise e vota\u00e7\u00e3o. Tem como objetivo garantir que laborat\u00f3rios, farm\u00e1cias, cl\u00ednicas e hospitais notifiquem todos os casos ao munic\u00edpio, independente de resultados positivos, negativos ou inconclusivos. A notifica\u00e7\u00e3o dever\u00e1 ser realizada num prazo de 24h contadas a partir do resultado do teste, mediante envio do resultado impresso \u00e0 Coordenadoria de Vigil\u00e2ncia Epidemiologia.<br>O projeto surgiu para evitar que casos analisados deixem de ser notificados \u00e0 Vigil\u00e2ncia ou sejam comunicados tardiamente, gerando reflexos \u00e0 an\u00e1lise dos dados epidemiol\u00f3gicos.<\/p>\n\n\n\n<p>&#8220;\u00c9 importante que todos sigam uma mesma regra. Neste momento de pandemia, quanto melhor e mais linear for o fluxo de informa\u00e7\u00f5es, melhor ser\u00e1 a an\u00e1lise dos dados\u201d, disse o prefeito interino Hingo Hammes.<br>O projeto de lei foi elaborado com base em uma indica\u00e7\u00e3o legislativa do vereador Yuri Moura, com o objetivo de garantir que o acompanhamento seja mais assertivo do quadro epidemiol\u00f3gico em Petr\u00f3polis.<\/p>\n\n\n\n<p>&#8220;Dados e informa\u00e7\u00f5es fidedignas s\u00e3o fundamentais para pensarmos em medidas a serem adotadas pelos entes p\u00fablicos e nas estrat\u00e9gias de engajamento social\u201d, explica o parlamentar.<br>Durante os feriados prolongados e finais de semana, os prazos de notifica\u00e7\u00e3o ser\u00e3o de 72 horas.<\/p>\n","protected":false},"excerpt":{"rendered":"<p>O projeto de lei elaborado pela Prefeitura j\u00e1 foi encaminhado \u00e0 C\u00e2mara Municipal para an\u00e1lise<\/p>\n","protected":false},"author":2,"featured_media":11337,"comment_status":"open","ping_status":"open","sticky":false,"template":"","format":"standard","meta":{"footnotes":""},"categories":[12],"tags":[],"class_list":["post-11336","post","type-post","status-publish","format-standard","has-post-thumbnail","hentry","category-cidade"],"_links":{"self":[{"href":"https:\/\/tvc16.com\/portal\/wp-json\/wp\/v2\/posts\/11336","targetHints":{"allow":["GET"]}}],"collection":[{"href":"https:\/\/tvc16.com\/portal\/wp-json\/wp\/v2\/posts"}],"about":[{"href":"https:\/\/tvc16.com\/portal\/wp-json\/wp\/v2\/types\/post"}],"author":[{"embeddable":true,"href":"https:\/\/tvc16.com\/portal\/wp-json\/wp\/v2\/users\/2"}],"replies":[{"embeddable":true,"href":"https:\/\/tvc16.com\/portal\/wp-json\/wp\/v2\/comments?post=11336"}],"version-history":[{"count":1,"href":"https:\/\/tvc16.com\/portal\/wp-json\/wp\/v2\/posts\/11336\/revisions"}],"predecessor-version":[{"id":11338,"href":"https:\/\/tvc16.com\/portal\/wp-json\/wp\/v2\/posts\/11336\/revisions\/11338"}],"wp:featuredmedia":[{"embeddable":true,"href":"https:\/\/tvc16.com\/portal\/wp-json\/wp\/v2\/media\/11337"}],"wp:attachment":[{"href":"https:\/\/tvc16.com\/portal\/wp-json\/wp\/v2\/media?parent=11336"}],"wp:term":[{"taxonomy":"category","embeddable":true,"href":"https:\/\/tvc16.com\/portal\/wp-json\/wp\/v2\/categories?post=11336"},{"taxonomy":"post_tag","embeddable":true,"href":"https:\/\/tvc16.com\/portal\/wp-json\/wp\/v2\/tags?post=11336"}],"curies":[{"name":"wp","href":"https:\/\/api.w.org\/{rel}","templated":true}]}}