{"id":11346,"date":"2021-03-13T23:33:50","date_gmt":"2021-03-14T02:33:50","guid":{"rendered":"https:\/\/tvc16.com\/portal\/?p=11346"},"modified":"2021-03-13T23:35:26","modified_gmt":"2021-03-14T02:35:26","slug":"vereador-defende-que-merenda-estocada-seja-doada-para-familias-vulneraveis-do-municipio","status":"publish","type":"post","link":"https:\/\/tvc16.com\/portal\/2021\/03\/13\/vereador-defende-que-merenda-estocada-seja-doada-para-familias-vulneraveis-do-municipio\/","title":{"rendered":"Vereador defende que merenda estocada seja doada para fam\u00edlias vulner\u00e1veis do munic\u00edpio"},"content":{"rendered":"\n<p>Ap\u00f3s vistoria nas instala\u00e7\u00f5es e nos procedimentos de conserva\u00e7\u00e3o e armazenamento da merenda escolar no Munic\u00edpio, o vereador Yuri Moura, presidente da Comiss\u00e3o de Educa\u00e7\u00e3o, Assist\u00eancia Social e Direitos Humanos da C\u00e2mara Municipal, entregou um of\u00edcio \u00e0 Secretaria de Educa\u00e7\u00e3o propondo, dentre algumas medidas, a doa\u00e7\u00e3o da prote\u00edna armazenada nas unidades de educa\u00e7\u00e3o, para as fam\u00edlias em situa\u00e7\u00e3o de vulnerabilidade em Petr\u00f3polis, em acordo com as orienta\u00e7\u00f5es do CAE (Conselho de Alimenta\u00e7\u00e3o Escolar).&nbsp;<\/p>\n\n\n\n<p>O documento, protocolado nesta semana, refor\u00e7a a incerteza do retorno presencial \u00e0s aulas e demonstra preocupa\u00e7\u00e3o com poss\u00edveis instabilidades el\u00e9tricas nas unidades onde o alimento est\u00e1 armazenado, \u00e0 medida que o desligamento dos congeladores, mesmo que por algumas horas, tornaria o alimento impr\u00f3prio. <\/p>\n\n\n\n<p>A falta de uma supervis\u00e3o frequente, motivada pelas medidas de preven\u00e7\u00e3o \u00e0 pandemia, tamb\u00e9m preocupa:&nbsp;\u201cS\u00e3o 9 toneladas de prote\u00ednas armazenadas nas unidades escolares, um pico de luz ou qualquer outra instabilidade el\u00e9trica pode levar ao descarte desse alimento. Al\u00e9m disso, n\u00e3o temos acompanhamento presencial constante, devido \u00e0 pandemia, ent\u00e3o, o melhor caminho \u00e9 a doa\u00e7\u00e3o desses alimentos para as fam\u00edlias petropolitanas, que est\u00e3o sofrendo bastante com o fim do aux\u00edlio emergencial. <\/p>\n\n\n\n<p>&#8220;Sei que a nova gest\u00e3o da ger\u00eancia de alimenta\u00e7\u00e3o escolar tem o controle e acompanha de perto, por\u00e9m a chance de um infort\u00fanio \u00e9 gigantesca. Precisamos nos antecipar!\u201d, disse Yuri.<\/p>\n\n\n\n<p>Outra a\u00e7\u00e3o proposta e discutida em reuni\u00e3o junto ao gerente de alimenta\u00e7\u00e3o escolar, Tiago Gasparini, e do Conselho de Alimenta\u00e7\u00e3o Escolar (CAE), \u00e9 a elabora\u00e7\u00e3o de um cronograma e um plano com estrat\u00e9gias de log\u00edsticas para evitar o desperd\u00edcio e um consequente descarte dos alimentos neste per\u00edodo sem aulas presenciais. O vereador refor\u00e7ou a urg\u00eancia na substitui\u00e7\u00e3o do atual dep\u00f3sito, localizado no Quissam\u00e3, para um novo, desde que seguindo todas as recomenda\u00e7\u00f5es sanit\u00e1rias.\u00a0<\/p>\n\n\n\n<p>Quanto \u00e0 empresa que realizou a entrega da merenda descartada na \u00faltima semana, o documento indica uma apura\u00e7\u00e3o r\u00edgida e urgente sobre o servi\u00e7o prestado e consequente a\u00e7\u00e3o penal caso confirmada \u00e0s infra\u00e7\u00f5es:&nbsp;\u201cDefendo que a empresa envolvida n\u00e3o participe mais de licita\u00e7\u00f5es municipais. \u00c9 muito grave. Para al\u00e9m disso, a in\u00e9rcia da gest\u00e3o passada em cobrar a troca dos mantimentos, ainda mais em per\u00edodo de crise como a pandemia, deve ser apurada. Precisamos encontrar os respons\u00e1veis!\u201d, concluiu<\/p>\n","protected":false},"excerpt":{"rendered":"<p>Ap\u00f3s vistoria nas instala\u00e7\u00f5es e nos procedimentos de conserva\u00e7\u00e3o e armazenamento da merenda escolar no<\/p>\n","protected":false},"author":2,"featured_media":11347,"comment_status":"open","ping_status":"open","sticky":false,"template":"","format":"standard","meta":{"footnotes":""},"categories":[12],"tags":[],"class_list":["post-11346","post","type-post","status-publish","format-standard","has-post-thumbnail","hentry","category-cidade"],"_links":{"self":[{"href":"https:\/\/tvc16.com\/portal\/wp-json\/wp\/v2\/posts\/11346","targetHints":{"allow":["GET"]}}],"collection":[{"href":"https:\/\/tvc16.com\/portal\/wp-json\/wp\/v2\/posts"}],"about":[{"href":"https:\/\/tvc16.com\/portal\/wp-json\/wp\/v2\/types\/post"}],"author":[{"embeddable":true,"href":"https:\/\/tvc16.com\/portal\/wp-json\/wp\/v2\/users\/2"}],"replies":[{"embeddable":true,"href":"https:\/\/tvc16.com\/portal\/wp-json\/wp\/v2\/comments?post=11346"}],"version-history":[{"count":3,"href":"https:\/\/tvc16.com\/portal\/wp-json\/wp\/v2\/posts\/11346\/revisions"}],"predecessor-version":[{"id":11350,"href":"https:\/\/tvc16.com\/portal\/wp-json\/wp\/v2\/posts\/11346\/revisions\/11350"}],"wp:featuredmedia":[{"embeddable":true,"href":"https:\/\/tvc16.com\/portal\/wp-json\/wp\/v2\/media\/11347"}],"wp:attachment":[{"href":"https:\/\/tvc16.com\/portal\/wp-json\/wp\/v2\/media?parent=11346"}],"wp:term":[{"taxonomy":"category","embeddable":true,"href":"https:\/\/tvc16.com\/portal\/wp-json\/wp\/v2\/categories?post=11346"},{"taxonomy":"post_tag","embeddable":true,"href":"https:\/\/tvc16.com\/portal\/wp-json\/wp\/v2\/tags?post=11346"}],"curies":[{"name":"wp","href":"https:\/\/api.w.org\/{rel}","templated":true}]}}