{"id":11351,"date":"2021-03-14T17:57:41","date_gmt":"2021-03-14T20:57:41","guid":{"rendered":"https:\/\/tvc16.com\/portal\/?p=11351"},"modified":"2021-03-14T17:57:43","modified_gmt":"2021-03-14T20:57:43","slug":"conheca-a-historia-por-tras-da-iconica-st-pauls-catedral","status":"publish","type":"post","link":"https:\/\/tvc16.com\/portal\/2021\/03\/14\/conheca-a-historia-por-tras-da-iconica-st-pauls-catedral\/","title":{"rendered":"Conhe\u00e7a a hist\u00f3ria por tr\u00e1s da ic\u00f4nica St. Paul&#8217;s Catedral"},"content":{"rendered":"\n<p><\/p>\n\n\n\n<p>Por Sandra Brito &#8211; Writer &amp; Traveller <\/p>\n\n\n\n<p>Quando lan\u00e7amos nossos olhos sobre o horizonte de Londres, h\u00e1 uma abund\u00e2ncia de pontos tur\u00edsticos ic\u00f4nicos que chamam a aten\u00e7\u00e3o: Big Ben, The Shard, London Eye, Wembley Arch&#8230; s\u00e3o marcos que enfeitam os c\u00e9us de Londres h\u00e1 anos. Esses, no entanto, s\u00e3o meros adolescentes quando comparados \u00e0 Catedral de S\u00e3o Paulo, cujo contorno foi emoldurado contra o p\u00f4r do sol e o nascer do sol por mais de trezentos anos. A catedral ocupa um lugar precioso na hist\u00f3ria brit\u00e2nica e encanta os visitantes com uma mistura inebriante de cultura, beleza arquitet\u00f4nica e vistas deslumbrantes da cidade.<\/p>\n\n\n\n<p><strong>Vis\u00e3o geral da Catedral de S\u00e3o Paulo <\/strong><\/p>\n\n\n\n<p><\/p>\n\n\n\n<figure class=\"wp-block-image size-large\"><img loading=\"lazy\" decoding=\"async\" width=\"666\" height=\"666\" src=\"https:\/\/tvc16.com\/portal\/wp-content\/uploads\/2021\/03\/SPC-02.jpg\" alt=\"\" class=\"wp-image-11353\" srcset=\"https:\/\/tvc16.com\/portal\/wp-content\/uploads\/2021\/03\/SPC-02.jpg 666w, https:\/\/tvc16.com\/portal\/wp-content\/uploads\/2021\/03\/SPC-02-300x300.jpg 300w, https:\/\/tvc16.com\/portal\/wp-content\/uploads\/2021\/03\/SPC-02-150x150.jpg 150w\" sizes=\"auto, (max-width: 666px) 100vw, 666px\" \/><\/figure>\n\n\n\n<p><\/p>\n\n\n\n<p>A Catedral de S\u00e3o Paulo \u00e9 um dos marcos mais instantaneamente reconhecidos de Londres. A inconfund\u00edvel C\u00fapula e as belas torres oeste dominam todo o horizonte da cidade. St.&nbsp;Paul&#8217;s \u00e9 a catedral oficial de Londres e incorpora a vida religiosa do povo brit\u00e2nico. O que muitos n\u00e3o sabem \u00e9 que a atual Catedral de S\u00e3o Paulo n\u00e3o \u00e9 a original \u2013 infelizmente, o Grande Inc\u00eandio de Londres acabou com ela \u2013 mas voc\u00ea sabia que a catedral que visitamos hoje \u00e9, na verdade, a quinta vers\u00e3o desde sua constru\u00e7\u00e3o?<\/p>\n\n\n\n<p>Uma catedral dedicada a S\u00e3o Paulo foi erguida no ponto mais alto da antiga cidade romana de Londinium, que corresponde aproximadamente \u00e0 moderna cidade de Londres, por mais de 1400 anos.<\/p>\n\n\n\n<p>A primeira constru\u00e7\u00e3o remete a uma igreja de madeira constru\u00edda em 604 por Mellitus, bispo dos sax\u00f5es orientais. Em um precursor bastante estranho do que estava por vir, ela prontamente pegou fogo em 675. A segunda foi demolida pelos vikings em 962 e a terceira foi queimada em 1087. Por mais de quatrocentos anos, parecia que os normandos haviam solucionado o problema quando ergueram a Catedral de S\u00e3o Paulo IV, que foi a igreja crist\u00e3 mais longa e alta do mundo desde sua conclus\u00e3o em 1240. No entanto, em 1666, a catedral tamb\u00e9m fora destru\u00edda pelo fogo, junto com a maior parte da cidade de Londres.<\/p>\n\n\n\n<p>A atual Catedral de S\u00e3o Paulo \u00e9 obra do arquiteto Sir Christopher Wren, que come\u00e7ou a trabalhar no redesenho de igrejas na cidade de Londres ap\u00f3s o Grande Inc\u00eandio. Embora tenha sido consagrado em 1697, o edif\u00edcio n\u00e3o foi declarado completo at\u00e9 1711, e mesmo assim o trabalho continuou, com Sir James Thornhill (que tamb\u00e9m \u00e9 respons\u00e1vel pelo impressionante Painted Hall) pendurado cinquenta metros acima do ch\u00e3o para pintar o interior da c\u00fapula.<\/p>\n\n\n\n<p><\/p>\n\n\n\n<figure class=\"wp-block-image size-large\"><img loading=\"lazy\" decoding=\"async\" width=\"666\" height=\"833\" src=\"https:\/\/tvc16.com\/portal\/wp-content\/uploads\/2021\/03\/SPC-03.jpg\" alt=\"\" class=\"wp-image-11354\" srcset=\"https:\/\/tvc16.com\/portal\/wp-content\/uploads\/2021\/03\/SPC-03.jpg 666w, https:\/\/tvc16.com\/portal\/wp-content\/uploads\/2021\/03\/SPC-03-240x300.jpg 240w\" sizes=\"auto, (max-width: 666px) 100vw, 666px\" \/><\/figure>\n\n\n\n<p><\/p>\n\n\n\n<p><\/p>\n\n\n\n<p>A catedral resistiu bem aos \u00faltimos s\u00e9culos, contando apenas com danos moderados &#8211; cimentando ainda mais seu lugar como um s\u00edmbolo de Londres e de toda a Gr\u00e3-Bretanha. Foi palco de celebra\u00e7\u00f5es do Jubileu, dos funerais de Winston Churchill e Margaret Thatcher, do casamento do Pr\u00edncipe Charles e Princesa Diana e, at\u00e9 mesmo, de um serm\u00e3o de Martin Luther King.<\/p>\n\n\n\n<p>Embora seja principalmente um lugar de ora\u00e7\u00e3o e adora\u00e7\u00e3o, a Catedral de S\u00e3o Paulo atrai, sem surpresa, os turistas em massa. H\u00e1 muito para ver dentro dessas paredes hist\u00f3ricas, mas se voc\u00ea planeja fazer uma visita, lembre-se de respeitar os fi\u00e9is e a catedral como um todo. Por exemplo, a fotografia para uso pessoal deve ser \u201crespeitosa e sem flash\u201d e estritamente limitada \u00e0s horas de passeios tur\u00edsticos.<\/p>\n\n\n\n<p><strong>Pontos imperd\u00edveis da Catedral de S\u00e3o Paulo<\/strong><\/p>\n\n\n\n<p>Antes de subir os grandes degraus da Frente Oeste para entrar na Catedral, olhe para baixo para a inscri\u00e7\u00e3o do memorial que diz: &#8220;Aqui a Rainha Vit\u00f3ria voltou, gra\u00e7as a Deus Todo-Poderoso, para o sexag\u00e9simo anivers\u00e1rio de sua ascens\u00e3o&#8221;. Em 22 de junho de 1897, a Rainha Vit\u00f3ria recebeu os servi\u00e7os religiosos por comemora\u00e7\u00e3o dos 60 anos de seu reinado do lado de fora da Catedral, j\u00e1 que ela estava muito fr\u00e1gil e n\u00e3o conseguia sair facilmente de sua carruagem. Victoria permaneceu sentada durante a cerim\u00f4nia, cercada por tropas de todo o Imp\u00e9rio. O dia ficou extremamente popular entre o povo ingl\u00eas, que at\u00e9 hoje comemora esse dia. Abaixo, uma foto do Memorial do Jubileu de Diamante da Rainha Vit\u00f3ria.<\/p>\n\n\n\n<p><\/p>\n\n\n\n<figure class=\"wp-block-image size-large\"><img loading=\"lazy\" decoding=\"async\" width=\"739\" height=\"1024\" src=\"https:\/\/tvc16.com\/portal\/wp-content\/uploads\/2021\/03\/SPC-04-739x1024.jpg\" alt=\"\" class=\"wp-image-11355\" srcset=\"https:\/\/tvc16.com\/portal\/wp-content\/uploads\/2021\/03\/SPC-04-739x1024.jpg 739w, https:\/\/tvc16.com\/portal\/wp-content\/uploads\/2021\/03\/SPC-04-216x300.jpg 216w, https:\/\/tvc16.com\/portal\/wp-content\/uploads\/2021\/03\/SPC-04-768x1064.jpg 768w, https:\/\/tvc16.com\/portal\/wp-content\/uploads\/2021\/03\/SPC-04.jpg 770w\" sizes=\"auto, (max-width: 739px) 100vw, 739px\" \/><\/figure>\n\n\n\n<p><\/p>\n\n\n\n<p>Ao entrar na Catedral de S\u00e3o Paulo, a primeira vista a cumpriment\u00e1-lo ser\u00e1 a nave, o enorme corredor central que leva \u00e0 famosa c\u00fapula. A oeste da catedral, voc\u00ea ter\u00e1 um vislumbre das Portas do Grande Oeste, que a Rainha usa quando aparece em ocasi\u00f5es especiais. Em outro lugar no n\u00edvel do solo, voc\u00ea encontrar\u00e1 monumentos para o Duque de Wellington e o Almirante Nelson, o Grande \u00d3rg\u00e3o, que foi instalado em 1695, e uma ef\u00edgie de m\u00e1rmore de John Donne (um ex-reitor da Catedral de S\u00e3o Paulo). Este monumento \u00e9 um dos poucos artefatos que sobreviveram ao Grande Inc\u00eandio e, ainda hoje, \u00e9 poss\u00edvel ver as marcas de queimadura ao redor da base.<\/p>\n\n\n\n<p><\/p>\n\n\n\n<p><\/p>\n\n\n\n<figure class=\"wp-block-image size-large\"><img loading=\"lazy\" decoding=\"async\" width=\"666\" height=\"666\" src=\"https:\/\/tvc16.com\/portal\/wp-content\/uploads\/2021\/03\/SPC-05.jpg\" alt=\"\" class=\"wp-image-11356\" srcset=\"https:\/\/tvc16.com\/portal\/wp-content\/uploads\/2021\/03\/SPC-05.jpg 666w, https:\/\/tvc16.com\/portal\/wp-content\/uploads\/2021\/03\/SPC-05-300x300.jpg 300w, https:\/\/tvc16.com\/portal\/wp-content\/uploads\/2021\/03\/SPC-05-150x150.jpg 150w\" sizes=\"auto, (max-width: 666px) 100vw, 666px\" \/><\/figure>\n\n\n\n<p><\/p>\n\n\n\n<p><\/p>\n\n\n\n<p>Para uma melhor vis\u00e3o da catedral, \u00e9 imprescind\u00edvel subir at\u00e9 a c\u00fapula, que esconde uma mir\u00edade de del\u00edcias. Com uma breve subida de 257 degraus, voc\u00ea encontrar\u00e1 as Whispering Galleries. Estendendo-se ao redor do interior da c\u00fapula, elas s\u00e3o famosas por uma peculiaridade arquitet\u00f4nica &#8211; se voc\u00ea estiver dentro da galeria e sussurrar para pessoas em p\u00e9 \u00e0 sua frente, elas ouvir\u00e3o tudo com muita clareza, como se voc\u00ea estivesse ao lado delas!<\/p>\n\n\n\n<p><\/p>\n\n\n\n<figure class=\"wp-block-image size-large\"><img loading=\"lazy\" decoding=\"async\" width=\"666\" height=\"666\" src=\"https:\/\/tvc16.com\/portal\/wp-content\/uploads\/2021\/03\/SPC-06.jpg\" alt=\"\" class=\"wp-image-11357\" srcset=\"https:\/\/tvc16.com\/portal\/wp-content\/uploads\/2021\/03\/SPC-06.jpg 666w, https:\/\/tvc16.com\/portal\/wp-content\/uploads\/2021\/03\/SPC-06-300x300.jpg 300w, https:\/\/tvc16.com\/portal\/wp-content\/uploads\/2021\/03\/SPC-06-150x150.jpg 150w\" sizes=\"auto, (max-width: 666px) 100vw, 666px\" \/><\/figure>\n\n\n\n<p><\/p>\n\n\n\n<p><\/p>\n\n\n\n<figure class=\"wp-block-image size-large\"><img loading=\"lazy\" decoding=\"async\" width=\"770\" height=\"512\" src=\"https:\/\/tvc16.com\/portal\/wp-content\/uploads\/2021\/03\/SPC-07.jpg\" alt=\"\" class=\"wp-image-11358\" srcset=\"https:\/\/tvc16.com\/portal\/wp-content\/uploads\/2021\/03\/SPC-07.jpg 770w, https:\/\/tvc16.com\/portal\/wp-content\/uploads\/2021\/03\/SPC-07-300x199.jpg 300w, https:\/\/tvc16.com\/portal\/wp-content\/uploads\/2021\/03\/SPC-07-768x511.jpg 768w\" sizes=\"auto, (max-width: 770px) 100vw, 770px\" \/><\/figure>\n\n\n\n<p><\/p>\n\n\n\n<p>Mais acima na c\u00fapula, voc\u00ea ter\u00e1 sua primeira chance de sair quando chegar na Stone Gallery. Com 376 degraus e 52 metros acima do solo, voc\u00ea ter\u00e1 acesso a vistas que, certamente, valer\u00e3o muito a pena!<\/p>\n\n\n\n<p><\/p>\n\n\n\n<figure class=\"wp-block-image size-large\"><img loading=\"lazy\" decoding=\"async\" width=\"650\" height=\"417\" src=\"https:\/\/tvc16.com\/portal\/wp-content\/uploads\/2021\/03\/SPC-08a.jpg\" alt=\"\" class=\"wp-image-11359\" srcset=\"https:\/\/tvc16.com\/portal\/wp-content\/uploads\/2021\/03\/SPC-08a.jpg 650w, https:\/\/tvc16.com\/portal\/wp-content\/uploads\/2021\/03\/SPC-08a-300x192.jpg 300w\" sizes=\"auto, (max-width: 650px) 100vw, 650px\" \/><\/figure>\n\n\n\n<p><\/p>\n\n\n\n<figure class=\"wp-block-image size-large\"><img loading=\"lazy\" decoding=\"async\" width=\"650\" height=\"422\" src=\"https:\/\/tvc16.com\/portal\/wp-content\/uploads\/2021\/03\/SPC-08b.jpg\" alt=\"\" class=\"wp-image-11360\" srcset=\"https:\/\/tvc16.com\/portal\/wp-content\/uploads\/2021\/03\/SPC-08b.jpg 650w, https:\/\/tvc16.com\/portal\/wp-content\/uploads\/2021\/03\/SPC-08b-300x195.jpg 300w, https:\/\/tvc16.com\/portal\/wp-content\/uploads\/2021\/03\/SPC-08b-370x241.jpg 370w\" sizes=\"auto, (max-width: 650px) 100vw, 650px\" \/><\/figure>\n\n\n\n<p><\/p>\n\n\n\n<p>Aqueles que realmente gostam de altura podem continuar a subida at\u00e9 a Galeria Dourada (528 degraus, 85 metros de altura), onde panoramas arrebatadores da cidade se desdobram diante de voc\u00ea; O Shard, o Tate Modern e a Millennium Bridge s\u00e3o facilmente vis\u00edveis daqui. Mas \u00e9 preciso f\u00f4lego para chegar l\u00e1!<\/p>\n\n\n\n<p><\/p>\n\n\n\n<p><\/p>\n\n\n\n<figure class=\"wp-block-image size-large\"><img loading=\"lazy\" decoding=\"async\" width=\"744\" height=\"1024\" src=\"https:\/\/tvc16.com\/portal\/wp-content\/uploads\/2021\/03\/SPC-09-744x1024.jpg\" alt=\"\" class=\"wp-image-11361\" srcset=\"https:\/\/tvc16.com\/portal\/wp-content\/uploads\/2021\/03\/SPC-09-744x1024.jpg 744w, https:\/\/tvc16.com\/portal\/wp-content\/uploads\/2021\/03\/SPC-09-218x300.jpg 218w, https:\/\/tvc16.com\/portal\/wp-content\/uploads\/2021\/03\/SPC-09-768x1057.jpg 768w, https:\/\/tvc16.com\/portal\/wp-content\/uploads\/2021\/03\/SPC-09.jpg 770w\" sizes=\"auto, (max-width: 744px) 100vw, 744px\" \/><\/figure>\n\n\n\n<p><\/p>\n\n\n\n<p>Na outra extremidade, voc\u00ea tamb\u00e9m pode dar uma olhada nas criptas da Catedral de S\u00e3o Paulo, onde voc\u00ea encontrar\u00e1 os t\u00famulos de Wellington, Nelson e Sir Christopher Wren.<\/p>\n\n\n\n<p><\/p>\n\n\n\n<p><\/p>\n\n\n\n<figure class=\"wp-block-image size-large\"><img loading=\"lazy\" decoding=\"async\" width=\"770\" height=\"506\" src=\"https:\/\/tvc16.com\/portal\/wp-content\/uploads\/2021\/03\/SPC-10.jpg\" alt=\"\" class=\"wp-image-11362\" srcset=\"https:\/\/tvc16.com\/portal\/wp-content\/uploads\/2021\/03\/SPC-10.jpg 770w, https:\/\/tvc16.com\/portal\/wp-content\/uploads\/2021\/03\/SPC-10-300x197.jpg 300w, https:\/\/tvc16.com\/portal\/wp-content\/uploads\/2021\/03\/SPC-10-768x505.jpg 768w\" sizes=\"auto, (max-width: 770px) 100vw, 770px\" \/><\/figure>\n\n\n\n<p><\/p>\n\n\n\n<p>Enquanto isso, uma adi\u00e7\u00e3o moderna \u00e0s criptas \u00e9 Oculus, uma experi\u00eancia cinematogr\u00e1fica hipnotizante que conta a hist\u00f3ria da Catedral de S\u00e3o Paulo desde o ano 604 at\u00e9 os dias atuais.<\/p>\n\n\n\n<p><\/p>\n\n\n\n<figure class=\"wp-block-image size-large\"><img loading=\"lazy\" decoding=\"async\" width=\"1024\" height=\"680\" src=\"https:\/\/tvc16.com\/portal\/wp-content\/uploads\/2021\/03\/SPC-11-1024x680.jpg\" alt=\"\" class=\"wp-image-11363\" srcset=\"https:\/\/tvc16.com\/portal\/wp-content\/uploads\/2021\/03\/SPC-11-1024x680.jpg 1024w, https:\/\/tvc16.com\/portal\/wp-content\/uploads\/2021\/03\/SPC-11-300x199.jpg 300w, https:\/\/tvc16.com\/portal\/wp-content\/uploads\/2021\/03\/SPC-11-768x510.jpg 768w, https:\/\/tvc16.com\/portal\/wp-content\/uploads\/2021\/03\/SPC-11.jpg 1200w\" sizes=\"auto, (max-width: 1024px) 100vw, 1024px\" \/><\/figure>\n\n\n\n<p><\/p>\n\n\n\n<p><\/p>\n\n\n\n<p>Claro, h\u00e1 muito para visitar no interior da catedral. Algumas salas e espa\u00e7os t\u00eam estilo vitoriano, o que a torna mais aconchegante, mesmo sendo um pr\u00e9dio t\u00e3o grandioso e hist\u00f3rico.<\/p>\n\n\n\n<p><\/p>\n\n\n\n<figure class=\"wp-block-image size-large\"><img loading=\"lazy\" decoding=\"async\" width=\"650\" height=\"419\" src=\"https:\/\/tvc16.com\/portal\/wp-content\/uploads\/2021\/03\/SPC-12.jpg\" alt=\"\" class=\"wp-image-11364\" srcset=\"https:\/\/tvc16.com\/portal\/wp-content\/uploads\/2021\/03\/SPC-12.jpg 650w, https:\/\/tvc16.com\/portal\/wp-content\/uploads\/2021\/03\/SPC-12-300x193.jpg 300w\" sizes=\"auto, (max-width: 650px) 100vw, 650px\" \/><\/figure>\n\n\n\n<p><\/p>\n\n\n\n<figure class=\"wp-block-image size-large\"><img loading=\"lazy\" decoding=\"async\" width=\"650\" height=\"419\" src=\"https:\/\/tvc16.com\/portal\/wp-content\/uploads\/2021\/03\/SPC-13.jpg\" alt=\"\" class=\"wp-image-11365\" srcset=\"https:\/\/tvc16.com\/portal\/wp-content\/uploads\/2021\/03\/SPC-13.jpg 650w, https:\/\/tvc16.com\/portal\/wp-content\/uploads\/2021\/03\/SPC-13-300x193.jpg 300w\" sizes=\"auto, (max-width: 650px) 100vw, 650px\" \/><\/figure>\n\n\n\n<p><\/p>\n\n\n\n<p><\/p>\n\n\n\n<figure class=\"wp-block-image size-large\"><img loading=\"lazy\" decoding=\"async\" width=\"666\" height=\"833\" src=\"https:\/\/tvc16.com\/portal\/wp-content\/uploads\/2021\/03\/SPC-14.jpg\" alt=\"\" class=\"wp-image-11366\" srcset=\"https:\/\/tvc16.com\/portal\/wp-content\/uploads\/2021\/03\/SPC-14.jpg 666w, https:\/\/tvc16.com\/portal\/wp-content\/uploads\/2021\/03\/SPC-14-240x300.jpg 240w\" sizes=\"auto, (max-width: 666px) 100vw, 666px\" \/><\/figure>\n\n\n\n<p><\/p>\n\n\n\n<p><\/p>\n\n\n\n<p>O exterior do edif\u00edcio j\u00e1 compensa a visita. A fachada oeste do edif\u00edcio retrata cenas da vida de S\u00e3o Paulo, incluindo sua convers\u00e3o ao cristianismo. Curiosamente, as duas torres ocidentais &#8211; uma das quais cont\u00e9m Great Paul, o maior sino j\u00e1 lan\u00e7ado no Reino Unido. Veja a beleza da Catedral a partir de uma vista a\u00e9rea:<\/p>\n\n\n\n<p><\/p>\n\n\n\n<p><\/p>\n\n\n\n<figure class=\"wp-block-image size-large\"><img loading=\"lazy\" decoding=\"async\" width=\"666\" height=\"833\" src=\"https:\/\/tvc16.com\/portal\/wp-content\/uploads\/2021\/03\/SPC-15.jpg\" alt=\"\" class=\"wp-image-11367\" srcset=\"https:\/\/tvc16.com\/portal\/wp-content\/uploads\/2021\/03\/SPC-15.jpg 666w, https:\/\/tvc16.com\/portal\/wp-content\/uploads\/2021\/03\/SPC-15-240x300.jpg 240w\" sizes=\"auto, (max-width: 666px) 100vw, 666px\" \/><\/figure>\n\n\n\n<p><\/p>\n\n\n\n<p><\/p>\n\n\n\n<p><strong>Quando visitar a Catedral de S\u00e3o Paulo<\/strong><\/p>\n\n\n\n<p>\u00a0Se voc\u00ea deseja conhecer o interior da Catedral, deve evitar o domingo, o \u00fanico dia em que ela est\u00e1 aberta apenas para os fi\u00e9is. Fora isso, n\u00e3o h\u00e1 um momento espec\u00edfico para programar sua visita. O Natal, com os servi\u00e7os repletos de can\u00e7\u00f5es natalinas e boas-vindas calorosas, \u00e9 uma excelente escolha, mas tamb\u00e9m pode ser um programa bastante concorrido e agitado.<\/p>\n\n\n\n<p><\/p>\n\n\n\n<figure class=\"wp-block-image size-large\"><img loading=\"lazy\" decoding=\"async\" width=\"650\" height=\"419\" src=\"https:\/\/tvc16.com\/portal\/wp-content\/uploads\/2021\/03\/SPC-16.jpg\" alt=\"\" class=\"wp-image-11368\" srcset=\"https:\/\/tvc16.com\/portal\/wp-content\/uploads\/2021\/03\/SPC-16.jpg 650w, https:\/\/tvc16.com\/portal\/wp-content\/uploads\/2021\/03\/SPC-16-300x193.jpg 300w\" sizes=\"auto, (max-width: 650px) 100vw, 650px\" \/><\/figure>\n\n\n\n<p><\/p>\n\n\n\n<p>Por mais maravilhoso que seja o interior, uma das maiores alegrias de uma visita \u00e0 Catedral de S\u00e3o Paulo \u00e9 encontrar aquela foto perfeita do exterior. Uma antiga lei estabelece corredores cont\u00ednuos de exibi\u00e7\u00e3o da Catedral de S\u00e3o Paulo, o que impede o surgimento de qualquer nova constru\u00e7\u00e3o que possa inibir a vista. Uma dica para a foto perfeita \u00e9 o shopping center One New Change, que proporciona uma cena bel\u00edssima da Catedral espelhada por entre os pr\u00e9dios com fachada de vidro.<\/p>\n\n\n\n<p><\/p>\n\n\n\n<figure class=\"wp-block-image size-large\"><img loading=\"lazy\" decoding=\"async\" width=\"666\" height=\"833\" src=\"https:\/\/tvc16.com\/portal\/wp-content\/uploads\/2021\/03\/SPC-17.jpg\" alt=\"\" class=\"wp-image-11369\" srcset=\"https:\/\/tvc16.com\/portal\/wp-content\/uploads\/2021\/03\/SPC-17.jpg 666w, https:\/\/tvc16.com\/portal\/wp-content\/uploads\/2021\/03\/SPC-17-240x300.jpg 240w\" sizes=\"auto, (max-width: 666px) 100vw, 666px\" \/><\/figure>\n\n\n\n<p><\/p>\n\n\n\n<p>Outra dica \u00e9 agachar-se entre os canteiros de flores \u2013 isso pode render algumas fotos deslumbrantes do exterior, com flores emergindo de seus ramos, tendo a Catedral de S\u00e3o Paulo como plano de fundo.<\/p>\n\n\n\n<p><\/p>\n\n\n\n<figure class=\"wp-block-image size-large\"><img loading=\"lazy\" decoding=\"async\" width=\"666\" height=\"832\" src=\"https:\/\/tvc16.com\/portal\/wp-content\/uploads\/2021\/03\/SPC-18.jpg\" alt=\"\" class=\"wp-image-11370\" srcset=\"https:\/\/tvc16.com\/portal\/wp-content\/uploads\/2021\/03\/SPC-18.jpg 666w, https:\/\/tvc16.com\/portal\/wp-content\/uploads\/2021\/03\/SPC-18-240x300.jpg 240w\" sizes=\"auto, (max-width: 666px) 100vw, 666px\" \/><\/figure>\n\n\n\n<p><\/p>\n\n\n\n\n\n<p>Informa\u00e7\u00f5es b\u00e1sicas:<\/p>\n\n\n\n<p>A Catedral de S\u00e3o Paulo est\u00e1 aberta para visitantes de 8h30 \u00e0s 16h30, de segunda a s\u00e1bado, e apenas para os servi\u00e7os religiosos aos domingos. As Galerias Dome abrem \u00e0s 9h30 e a \u00faltima entrada para elas \u00e9 \u00e0s 16h15 &#8211; a \u00faltima entrada para passeios tur\u00edsticos em St. Paul \u00e9 \u00e0s 16h.<\/p>\n\n\n\n<p>Para ter acesso a todas as \u00e1reas, \u00e9 necess\u00e1rio comprar bilhetes. Os adultos pagam \u00a3 17 (antecipado) ou \u00a3 20 (no dia) e os bilhetes para crian\u00e7as custam \u00a3 7,20 (antecipado) e \u00a3 8,50 (no dia). Pacotes de ingressos para fam\u00edlias e grupos oferecem valores mais acess\u00edveis.<\/p>\n\n\n\n<p><\/p>\n\n\n\n<figure class=\"wp-block-image size-large\"><img loading=\"lazy\" decoding=\"async\" width=\"827\" height=\"1024\" src=\"https:\/\/tvc16.com\/portal\/wp-content\/uploads\/2021\/03\/SPC-19-827x1024.jpg\" alt=\"\" class=\"wp-image-11371\" srcset=\"https:\/\/tvc16.com\/portal\/wp-content\/uploads\/2021\/03\/SPC-19-827x1024.jpg 827w, https:\/\/tvc16.com\/portal\/wp-content\/uploads\/2021\/03\/SPC-19-242x300.jpg 242w, https:\/\/tvc16.com\/portal\/wp-content\/uploads\/2021\/03\/SPC-19-768x951.jpg 768w, https:\/\/tvc16.com\/portal\/wp-content\/uploads\/2021\/03\/SPC-19.jpg 1024w\" sizes=\"auto, (max-width: 827px) 100vw, 827px\" \/><figcaption>Sandra Brito <\/figcaption><\/figure>\n\n\n\n<p><\/p>\n\n\n\n<p><\/p>\n\n\n\n<figure class=\"wp-block-image size-large\"><img loading=\"lazy\" decoding=\"async\" width=\"1024\" height=\"1024\" src=\"https:\/\/tvc16.com\/portal\/wp-content\/uploads\/2021\/03\/SPC-20-1024x1024.jpg\" alt=\"\" class=\"wp-image-11372\" srcset=\"https:\/\/tvc16.com\/portal\/wp-content\/uploads\/2021\/03\/SPC-20-1024x1024.jpg 1024w, https:\/\/tvc16.com\/portal\/wp-content\/uploads\/2021\/03\/SPC-20-300x300.jpg 300w, https:\/\/tvc16.com\/portal\/wp-content\/uploads\/2021\/03\/SPC-20-150x150.jpg 150w, https:\/\/tvc16.com\/portal\/wp-content\/uploads\/2021\/03\/SPC-20-768x768.jpg 768w, https:\/\/tvc16.com\/portal\/wp-content\/uploads\/2021\/03\/SPC-20.jpg 1353w\" sizes=\"auto, (max-width: 1024px) 100vw, 1024px\" \/><\/figure>\n\n\n\n<p><\/p>\n\n\n\n<p><\/p>\n\n\n\n<figure class=\"wp-block-image size-large\"><img loading=\"lazy\" decoding=\"async\" width=\"1024\" height=\"1024\" src=\"https:\/\/tvc16.com\/portal\/wp-content\/uploads\/2021\/03\/SPC-21-1024x1024.jpg\" alt=\"\" class=\"wp-image-11373\" srcset=\"https:\/\/tvc16.com\/portal\/wp-content\/uploads\/2021\/03\/SPC-21-1024x1024.jpg 1024w, https:\/\/tvc16.com\/portal\/wp-content\/uploads\/2021\/03\/SPC-21-300x300.jpg 300w, https:\/\/tvc16.com\/portal\/wp-content\/uploads\/2021\/03\/SPC-21-150x150.jpg 150w, https:\/\/tvc16.com\/portal\/wp-content\/uploads\/2021\/03\/SPC-21-768x768.jpg 768w, https:\/\/tvc16.com\/portal\/wp-content\/uploads\/2021\/03\/SPC-21-1536x1536.jpg 1536w, https:\/\/tvc16.com\/portal\/wp-content\/uploads\/2021\/03\/SPC-21.jpg 1766w\" sizes=\"auto, (max-width: 1024px) 100vw, 1024px\" \/><\/figure>\n\n\n\n<p><\/p>\n","protected":false},"excerpt":{"rendered":"<p>Por Sandra Brito &#8211; Writer &amp; Traveller Quando lan\u00e7amos nossos olhos sobre o horizonte de<\/p>\n","protected":false},"author":2,"featured_media":11352,"comment_status":"open","ping_status":"open","sticky":false,"template":"","format":"standard","meta":{"footnotes":""},"categories":[16],"tags":[],"class_list":["post-11351","post","type-post","status-publish","format-standard","has-post-thumbnail","hentry","category-colunistas"],"_links":{"self":[{"href":"https:\/\/tvc16.com\/portal\/wp-json\/wp\/v2\/posts\/11351","targetHints":{"allow":["GET"]}}],"collection":[{"href":"https:\/\/tvc16.com\/portal\/wp-json\/wp\/v2\/posts"}],"about":[{"href":"https:\/\/tvc16.com\/portal\/wp-json\/wp\/v2\/types\/post"}],"author":[{"embeddable":true,"href":"https:\/\/tvc16.com\/portal\/wp-json\/wp\/v2\/users\/2"}],"replies":[{"embeddable":true,"href":"https:\/\/tvc16.com\/portal\/wp-json\/wp\/v2\/comments?post=11351"}],"version-history":[{"count":1,"href":"https:\/\/tvc16.com\/portal\/wp-json\/wp\/v2\/posts\/11351\/revisions"}],"predecessor-version":[{"id":11375,"href":"https:\/\/tvc16.com\/portal\/wp-json\/wp\/v2\/posts\/11351\/revisions\/11375"}],"wp:featuredmedia":[{"embeddable":true,"href":"https:\/\/tvc16.com\/portal\/wp-json\/wp\/v2\/media\/11352"}],"wp:attachment":[{"href":"https:\/\/tvc16.com\/portal\/wp-json\/wp\/v2\/media?parent=11351"}],"wp:term":[{"taxonomy":"category","embeddable":true,"href":"https:\/\/tvc16.com\/portal\/wp-json\/wp\/v2\/categories?post=11351"},{"taxonomy":"post_tag","embeddable":true,"href":"https:\/\/tvc16.com\/portal\/wp-json\/wp\/v2\/tags?post=11351"}],"curies":[{"name":"wp","href":"https:\/\/api.w.org\/{rel}","templated":true}]}}