{"id":1136,"date":"2020-09-24T15:27:13","date_gmt":"2020-09-24T15:27:13","guid":{"rendered":"https:\/\/tvc16.com\/portal\/?p=1136"},"modified":"2020-09-24T15:27:13","modified_gmt":"2020-09-24T15:27:13","slug":"pm-prende-cinco-homens-no-neylor","status":"publish","type":"post","link":"https:\/\/tvc16.com\/portal\/2020\/09\/24\/pm-prende-cinco-homens-no-neylor\/","title":{"rendered":"PM prende cinco homens no Neylor"},"content":{"rendered":"\n<p>A Pol\u00edcia Militar recebeu den\u00fancias an\u00f4nimas na quarta-feira (23) sobre a venda de drogas em um ponto de \u00f4nibus, na Rua Camar\u00e3o Felipe, no Neylor, Retiro. Assim que chegaram ao endere\u00e7o indicado cinco homens de 20, 22, 26, 28 e 32 anos, foram identificados e alguns tentaram fugir, sendo capturados em seguida pelos PMs. Durante a revista foi encontrado com os acusados um cigarro de maconha, um pote com 2g da mesma droga e R$ 404 em dinheiro.<\/p>\n\n\n\n<p>Diante disso, o grupo foi informado que seria levado para a 105\u00aa Delegacia de Pol\u00edcia, no Retiro. Um dos acusados chegou a entrar em luta corporal com os policiais, e moradores da regi\u00e3o tamb\u00e9m tentaram impedir a pris\u00e3o dos suspeitos. Neste momento os PMs precisaram pedir refor\u00e7o, para ent\u00e3o conseguir encaminhar os homens para a DP.<\/p>\n\n\n\n<p>Em sede policial todos foram autuados nos artigos 329 e 330 do c\u00f3digo penal, por se oporem \u00e0 execu\u00e7\u00e3o de ato legal, mediante viol\u00eancia ou amea\u00e7a a funcion\u00e1rio competente e tamb\u00e9m por desobedecerem \u00e0 ordem legal de funcion\u00e1rio p\u00fablico. O rapaz, de 22 anos, que estava com a maconha encontrada, ainda foi autuado por posse e uso de drogas. Todos responder\u00e3o pelos crimes em liberdade.<\/p>\n","protected":false},"excerpt":{"rendered":"<p>A Pol\u00edcia Militar recebeu den\u00fancias an\u00f4nimas na quarta-feira (23) sobre a venda de drogas em<\/p>\n","protected":false},"author":2,"featured_media":1137,"comment_status":"open","ping_status":"open","sticky":false,"template":"","format":"standard","meta":{"footnotes":""},"categories":[12],"tags":[],"class_list":["post-1136","post","type-post","status-publish","format-standard","has-post-thumbnail","hentry","category-cidade"],"_links":{"self":[{"href":"https:\/\/tvc16.com\/portal\/wp-json\/wp\/v2\/posts\/1136","targetHints":{"allow":["GET"]}}],"collection":[{"href":"https:\/\/tvc16.com\/portal\/wp-json\/wp\/v2\/posts"}],"about":[{"href":"https:\/\/tvc16.com\/portal\/wp-json\/wp\/v2\/types\/post"}],"author":[{"embeddable":true,"href":"https:\/\/tvc16.com\/portal\/wp-json\/wp\/v2\/users\/2"}],"replies":[{"embeddable":true,"href":"https:\/\/tvc16.com\/portal\/wp-json\/wp\/v2\/comments?post=1136"}],"version-history":[{"count":1,"href":"https:\/\/tvc16.com\/portal\/wp-json\/wp\/v2\/posts\/1136\/revisions"}],"predecessor-version":[{"id":1138,"href":"https:\/\/tvc16.com\/portal\/wp-json\/wp\/v2\/posts\/1136\/revisions\/1138"}],"wp:featuredmedia":[{"embeddable":true,"href":"https:\/\/tvc16.com\/portal\/wp-json\/wp\/v2\/media\/1137"}],"wp:attachment":[{"href":"https:\/\/tvc16.com\/portal\/wp-json\/wp\/v2\/media?parent=1136"}],"wp:term":[{"taxonomy":"category","embeddable":true,"href":"https:\/\/tvc16.com\/portal\/wp-json\/wp\/v2\/categories?post=1136"},{"taxonomy":"post_tag","embeddable":true,"href":"https:\/\/tvc16.com\/portal\/wp-json\/wp\/v2\/tags?post=1136"}],"curies":[{"name":"wp","href":"https:\/\/api.w.org\/{rel}","templated":true}]}}