{"id":11377,"date":"2021-03-16T11:08:51","date_gmt":"2021-03-16T14:08:51","guid":{"rendered":"https:\/\/tvc16.com\/portal\/?p=11377"},"modified":"2021-03-16T11:08:56","modified_gmt":"2021-03-16T14:08:56","slug":"eventos-culturais-sao-destaque-na-programacao-de-aniversario-de-petropolis","status":"publish","type":"post","link":"https:\/\/tvc16.com\/portal\/2021\/03\/16\/eventos-culturais-sao-destaque-na-programacao-de-aniversario-de-petropolis\/","title":{"rendered":"Eventos culturais s\u00e3o destaque na programa\u00e7\u00e3o de anivers\u00e1rio de Petr\u00f3polis"},"content":{"rendered":"\n<p>Hoje 16 de mar\u00e7o, anivers\u00e1rio de Petr\u00f3polis, eventos culturais festejam a data e trazem ao p\u00fablico, atrav\u00e9s da internet, encontros com escritores, atores, m\u00fasicos e v\u00e1rios profissionais da cultura. Um deles o lan\u00e7amento do livro A mulinha trolol\u00f3, de Madson Jos\u00e9, projeto realizado atrav\u00e9s da Lei Aldir Blanc. O ator circense e diretor teatral, \u00e0s 19h, revelar\u00e1 ao p\u00fablico, tamb\u00e9m em um evento on-line, a sua veia de autor, lan\u00e7ando o livro infanto-juvenil.<\/p>\n\n\n\n<p>Na mesma data, qualquer pessoa poder\u00e1 ter acesso ao Museu Casa do Colono de forma online, como se estivesse presencialmente no local. \u00c9 essa a experi\u00eancia que ser\u00e1 oferecida atrav\u00e9s de um tour virtual pelo atrativo, com imagens em 360\u00b0. A Casa do Colono ser\u00e1 o primeiro atrativo de Petr\u00f3polis a receber a tecnologia e o mapeamento digital. O link para o acesso \u00e9: https:\/\/tourvirtual360.com.br\/casacolono\/.<\/p>\n\n\n\n<p>A digitaliza\u00e7\u00e3o de todo o museu \u00e9 uma iniciativa da ag\u00eancia Roteiro Produ\u00e7\u00f5es com a Prefeitura, tamb\u00e9m por meio da Lei Aldir Blanc. \u201cPetr\u00f3polis \u00e9 uma cidade com import\u00e2ncia hist\u00f3rica sem igual. Com a pandemia, temos que achar novas formas de mostrar as belezas de nosso munic\u00edpio, atrair os olhares das pessoas para a cidade. Esse \u00e9 um projeto que evidencia a riqueza cultural de Petr\u00f3polis\u201d, disse o prefeito interino Hingo Hammes.<\/p>\n\n\n\n<p>Ainda fazem parte da programa\u00e7\u00e3o cultural o Papo de Rua, que acontece \u00e0s 18h no Instagram @nacaopetropolis; o Dan\u00e7ando os Elementos com Silvia Marques, que vai ao ar \u00e0s 19h YouTube: Canal Silvia Marques. Al\u00e9m disso, s\u00e3o pelo menos tr\u00eas eventos envolvendo mais de 30 escritores.<\/p>\n\n\n\n<p>Eventos culturais na semana do anivers\u00e1rio da cidade<\/p>\n\n\n\n<p>PARINTINS &#8211; A ILHA ENCANTADA &#8211; Priscila Castro<br>15\/3 &#8211; 19H &#8211; BOI BUMB\u00c1<br>16\/3 &#8211; 19H &#8211; SINHAZINHA<br>17\/3 &#8211; 19H &#8211; CUNH\u00c3<br>18\/3 &#8211; 19H &#8211; RAINHA DO FOLCLORE<br>19\/3 &#8211; 19H &#8211; PORTA ESTANDARTE<br>20\/3 &#8211; 19H &#8211; PAJ\u00c9<br>21\/3 &#8211; 19H &#8211; EVOLU\u00c7\u00c3O DOS BOIS<br>Instagram @xdaquestaoproducoes<\/p>\n\n\n\n<p>PAPO DE RUA &#8211; Guilherme Barcelos<br>16\/3 &#8211; 18H<br>Instagram @nacaopetropolis<\/p>\n\n\n\n<p>OFICINA DE COMPOSI\u00c7\u00c3O, ARRANJO E TECNOLOGIA &#8211; Guimo Motta<br>20\/3 &#8211; 18H<\/p>\n\n\n\n<p>FEMME &#8211; SEXTA FEIRA &#8211; Kika Notini<br>19\/3 &#8211; 17H<br>Youtube Femme Petropolis<br>https:\/\/docs.google.com\/document\/d\/1oUcZgTey-buR3QZsr9uXGl8tybD0Js4xbvTfvQ2jNpg\/edit#<\/p>\n\n\n\n<p>A MULINHA TROLOL\u00d3 &#8211; LAN\u00c7AMENTO DE LIVRO &#8211; Madson Jose<br>16\/3 &#8211; 19H<br>Youtube Bem Cultural TV<\/p>\n\n\n\n<p>LAN\u00c7AMENTO DO \u00daLTIMO EPIS\u00d3DIO PODCAST ARTEVISTA &#8211; Jo\u00e3o Corr\u00eaa<br>17\/3 &#8211; 12H<br>Instagram @prod.salada<\/p>\n\n\n\n<p>CONTANDO A HIST\u00d3RIA DO AGROECOVIDA &#8211; Miriam Barrutia<br>18\/3 &#8211; 20h<br>Instagram @agroecovida<br>Youtube AGROECOVIDA<br>https:\/\/youtube.com\/channel\/UC0T3NI5HnH5u3OKk8tVKASg<\/p>\n\n\n\n<p>CLIPE MUSICAL DUB LYRIO &#8211; SEMPRE SE LEMBRE &#8211; Dub Lyrio<br>21\/3 &#8211; 12h<br>Instagram @dublyrio<\/p>\n\n\n\n<p>CURSO ILUMINANDO IDEIAS &#8211; Ilumina\u00e7\u00e3o para teatro e v\u00eddeos<br>16 a 20\/3 &#8211; 21H<br>Inscri\u00e7ao http:\/\/bit.ly\/iluminandoideias<\/p>\n\n\n\n<p>CH\u00c3O SAGRADO &#8211; F\u00c9, AMOR E CARIDADE &#8211; Ronaldo Alves<br>15\/3 &#8211; 20h<\/p>\n\n\n\n<p>MIUDINHA DE MEDO &#8211; LAN\u00c7AMENTO DE LIVRO &#8211; Regina Nascimento Resende<br>20\/3 &#8211; 15h<br>Duetto&#8217;s Caf\u00e9 &#8211; Jardim do Museu Imperial<br>Reservas (24) 99955 2730<\/p>\n\n\n\n<p>A EST\u00d3RIA DA HIST\u00d3RIA &#8211; Petr\u00f3polis antes da Rep\u00fablica &#8211; Maur\u00edcio Ara\u00fajo<br>16\/3 &#8211; 10h, 11h, 12h e 13h<\/p>\n\n\n\n<p>Dan\u00e7ando os Elementos &#8211; Silvia Marques<br>16\/3 &#8211; 19h<br>YouTube: Canal Silvia Marques<br>Link de acesso e maiores informa\u00e7\u00f5es nas Redes Sociais @gruposilviamarques<\/p>\n\n\n\n<p>O espet\u00e1culo online Dan\u00e7ando os Elementos busca contribuir pra a Cultura e valoriza\u00e7\u00e3o da nossa cidade, integrando dan\u00e7a, musica e natureza.<br>Baseada nos Quatro Elementos, essa mostra utilizou como cen\u00e1rio belas paisagens naturais de Petr\u00f3polis, que fazem refer\u00eancias ao clima e sensa\u00e7\u00e3o dos elementos, atrav\u00e9s de m\u00fasicas, figurinos, objetos e acess\u00f3rios que mostrem os elementos atrav\u00e9s da dan\u00e7a. Al\u00e9m de tudo, mostrar ao p\u00fablico as belezas naturais, totalmente acess\u00edveis na cidade de Petr\u00f3polis.<\/p>\n\n\n\n<p>Projeto Mapeamento Digital do Museu Casa do Colono &#8211; Flavio Menna Barreto<br>16\/3<br>Link para acesso:<br>https:\/\/tourvirtual360.com.br\/casacolono\/<\/p>\n","protected":false},"excerpt":{"rendered":"<p>Hoje 16 de mar\u00e7o, anivers\u00e1rio de Petr\u00f3polis, eventos culturais festejam a data e trazem ao<\/p>\n","protected":false},"author":2,"featured_media":11378,"comment_status":"open","ping_status":"open","sticky":false,"template":"","format":"standard","meta":{"footnotes":""},"categories":[12],"tags":[],"class_list":["post-11377","post","type-post","status-publish","format-standard","has-post-thumbnail","hentry","category-cidade"],"_links":{"self":[{"href":"https:\/\/tvc16.com\/portal\/wp-json\/wp\/v2\/posts\/11377","targetHints":{"allow":["GET"]}}],"collection":[{"href":"https:\/\/tvc16.com\/portal\/wp-json\/wp\/v2\/posts"}],"about":[{"href":"https:\/\/tvc16.com\/portal\/wp-json\/wp\/v2\/types\/post"}],"author":[{"embeddable":true,"href":"https:\/\/tvc16.com\/portal\/wp-json\/wp\/v2\/users\/2"}],"replies":[{"embeddable":true,"href":"https:\/\/tvc16.com\/portal\/wp-json\/wp\/v2\/comments?post=11377"}],"version-history":[{"count":1,"href":"https:\/\/tvc16.com\/portal\/wp-json\/wp\/v2\/posts\/11377\/revisions"}],"predecessor-version":[{"id":11379,"href":"https:\/\/tvc16.com\/portal\/wp-json\/wp\/v2\/posts\/11377\/revisions\/11379"}],"wp:featuredmedia":[{"embeddable":true,"href":"https:\/\/tvc16.com\/portal\/wp-json\/wp\/v2\/media\/11378"}],"wp:attachment":[{"href":"https:\/\/tvc16.com\/portal\/wp-json\/wp\/v2\/media?parent=11377"}],"wp:term":[{"taxonomy":"category","embeddable":true,"href":"https:\/\/tvc16.com\/portal\/wp-json\/wp\/v2\/categories?post=11377"},{"taxonomy":"post_tag","embeddable":true,"href":"https:\/\/tvc16.com\/portal\/wp-json\/wp\/v2\/tags?post=11377"}],"curies":[{"name":"wp","href":"https:\/\/api.w.org\/{rel}","templated":true}]}}