{"id":11384,"date":"2021-03-16T11:13:05","date_gmt":"2021-03-16T14:13:05","guid":{"rendered":"https:\/\/tvc16.com\/portal\/?p=11384"},"modified":"2021-03-16T11:13:08","modified_gmt":"2021-03-16T14:13:08","slug":"projeto-musical-da-secretaria-de-assistencia-social-ajuda-pessoas-em-situacao-de-rua","status":"publish","type":"post","link":"https:\/\/tvc16.com\/portal\/2021\/03\/16\/projeto-musical-da-secretaria-de-assistencia-social-ajuda-pessoas-em-situacao-de-rua\/","title":{"rendered":"Projeto musical da Secretaria de Assist\u00eancia Social ajuda pessoas em situa\u00e7\u00e3o de rua"},"content":{"rendered":"\n<p>Objetivo \u00e9 promover a reinser\u00e7\u00e3o desse p\u00fablico na sociedade<\/p>\n\n\n\n<p>Com objetivo de promover a reinser\u00e7\u00e3o de pessoas em situa\u00e7\u00e3o de rua na sociedade, a Secretaria de Assist\u00eancia Social oferece o programa \u201cSegunda sem Lei \u2013 SOS Alegria\u201d dentro do Centro POP. As atividades acontecem as segundas-feiras e usam a m\u00fasica como um catalizador para o resgate da autoestima dessa parcela da popula\u00e7\u00e3o.<\/p>\n\n\n\n<p>O projeto foi criado em 2019 pela psic\u00f3loga Wallyce Leoni. Ela afirma que as atividades t\u00eam um efeito positivo na vida dos participantes. \u201cQuando come\u00e7amos, muitas pessoas em situa\u00e7\u00e3o de rua chegavam aqui tristes, sem muita esperan\u00e7a. Resolvemos montar um projeto baseado na m\u00fasica e o samba de roda foi o estilo escolhido. Por meio da m\u00fasica essas pessoas come\u00e7aram a entender que s\u00e3o capazes de melhorar suas vidas. Aqui damos esse suporte psicossocial para que o indiv\u00edduo consiga se reintegrar \u00e0 sociedade\u201d, explicou Wallyce.<\/p>\n\n\n\n<p>Um dos primeiros a participar do projeto, o petropolitano Gilson Nascimento, o \u201cLeleco Simpatia\u201d, \u00e9 o exemplo de que a roda de samba promovida no Centro Pop tem sido uma iniciativa assertiva. Descontra\u00eddo, Gilson \u2013 que \u00e9 m\u00fasico &#8211; n\u00e3o perde uma atividade sequer e diz que \u00e9 um dos maiores prazeres que tem atualmente. Ele espera que outras pessoas tenham a mesma chance de integrar o projeto, que re\u00fane indiv\u00edduos em situa\u00e7\u00e3o semelhante \u00e0 sua.<\/p>\n\n\n\n<p>\u201cEu amo o samba desde crian\u00e7a e venho ao Centro Pop desde que tudo come\u00e7ou. Aqui me descontraio, me sinto feliz com a m\u00fasica e tenho todo o apoio do pessoal. Tudo que preciso est\u00e1 aqui\u201d, disse Gilson, que revelou ter um sonho: ganhar uma bateria para formar uma pequena oficina de samba.<\/p>\n\n\n\n<p>Empresa abra\u00e7a o projeto<\/p>\n\n\n\n<p>\u201cSegunda sem Lei \u2013 SOS Alegria\u201d \u00e9 uma iniciativa que ganhou o apoio recente da Werner. A empresa doou tecidos para a confec\u00e7\u00e3o de camisas alusivas ao projeto. A vestimenta refor\u00e7a a confian\u00e7a que \u00e9 depositada na equipe do Centro Pop. A assistente social, Amanda Ventura, lembrou que a maioria dos que frequentam o espa\u00e7o recebem, ainda, palestras e momentos de reflex\u00e3o sobre a quest\u00e3o das drogas e o sexo &#8211; uma oportunidade de di\u00e1logo que procura resgatar essa parcela da popula\u00e7\u00e3o para uma vida social equilibrada.<\/p>\n\n\n\n<p>A unidade do Centro Pop \u00e9 destinada ao atendimento de pessoas em situa\u00e7\u00e3o de rua, em raz\u00e3o da condi\u00e7\u00e3o de extrema pobreza e inexist\u00eancia de moradia convencional regular, cujos v\u00ednculos familiares est\u00e3o fragilizados ou rompidos. O local oferece caf\u00e9 da manh\u00e3, encaminhamento para o almo\u00e7o no Restaurante Popular, lanches, atendimentos psicossociais, banho, lavanderia, espa\u00e7o para a guarda de pertences, embarques interestaduais al\u00e9m das atividades semanais, como por exemplo, rodas de conversas, oficinas de m\u00fasica e de profissionaliza\u00e7\u00e3o.<\/p>\n\n\n\n<p>O espa\u00e7o funciona de segunda \u00e0 sexta-feira, de 08h at\u00e9 \u00e0s 05h. Nos feriados e fins de semana, de 09h \u00e0s 15h. Al\u00e9m disso, tamb\u00e9m realiza abordagens por toda cidade de 9h \u00e0s 21h.<\/p>\n","protected":false},"excerpt":{"rendered":"<p>Objetivo \u00e9 promover a reinser\u00e7\u00e3o desse p\u00fablico na sociedade Com objetivo de promover a reinser\u00e7\u00e3o<\/p>\n","protected":false},"author":2,"featured_media":11385,"comment_status":"open","ping_status":"open","sticky":false,"template":"","format":"standard","meta":{"footnotes":""},"categories":[12],"tags":[],"class_list":["post-11384","post","type-post","status-publish","format-standard","has-post-thumbnail","hentry","category-cidade"],"_links":{"self":[{"href":"https:\/\/tvc16.com\/portal\/wp-json\/wp\/v2\/posts\/11384","targetHints":{"allow":["GET"]}}],"collection":[{"href":"https:\/\/tvc16.com\/portal\/wp-json\/wp\/v2\/posts"}],"about":[{"href":"https:\/\/tvc16.com\/portal\/wp-json\/wp\/v2\/types\/post"}],"author":[{"embeddable":true,"href":"https:\/\/tvc16.com\/portal\/wp-json\/wp\/v2\/users\/2"}],"replies":[{"embeddable":true,"href":"https:\/\/tvc16.com\/portal\/wp-json\/wp\/v2\/comments?post=11384"}],"version-history":[{"count":1,"href":"https:\/\/tvc16.com\/portal\/wp-json\/wp\/v2\/posts\/11384\/revisions"}],"predecessor-version":[{"id":11386,"href":"https:\/\/tvc16.com\/portal\/wp-json\/wp\/v2\/posts\/11384\/revisions\/11386"}],"wp:featuredmedia":[{"embeddable":true,"href":"https:\/\/tvc16.com\/portal\/wp-json\/wp\/v2\/media\/11385"}],"wp:attachment":[{"href":"https:\/\/tvc16.com\/portal\/wp-json\/wp\/v2\/media?parent=11384"}],"wp:term":[{"taxonomy":"category","embeddable":true,"href":"https:\/\/tvc16.com\/portal\/wp-json\/wp\/v2\/categories?post=11384"},{"taxonomy":"post_tag","embeddable":true,"href":"https:\/\/tvc16.com\/portal\/wp-json\/wp\/v2\/tags?post=11384"}],"curies":[{"name":"wp","href":"https:\/\/api.w.org\/{rel}","templated":true}]}}