{"id":11387,"date":"2021-03-16T11:15:58","date_gmt":"2021-03-16T14:15:58","guid":{"rendered":"https:\/\/tvc16.com\/portal\/?p=11387"},"modified":"2021-03-16T11:16:01","modified_gmt":"2021-03-16T14:16:01","slug":"solenidades-presenciais-do-aniversario-da-cidade-sao-canceladas","status":"publish","type":"post","link":"https:\/\/tvc16.com\/portal\/2021\/03\/16\/solenidades-presenciais-do-aniversario-da-cidade-sao-canceladas\/","title":{"rendered":"Solenidades presenciais do anivers\u00e1rio da cidade s\u00e3o canceladas"},"content":{"rendered":"\n<p>A Prefeitura de Petr\u00f3polis informou na noite desta segunda-feira (15) que, em fun\u00e7\u00e3o da pandemia, est\u00e3o canceladas as solenidades pelos 178 anos de Petr\u00f3polis previstas para serem realizadas nesta ter\u00e7a-feira, 16 de mar\u00e7o.<\/p>\n\n\n\n<p>A missa na Catedral S\u00e3o Pedro de Alc\u00e2ntara, celebrada pelo monsenhor Jos\u00e9 Maria Pereira, foi mantida e realizada \u00e0s 9h, respeitando o limite de ocupa\u00e7\u00e3o.<\/p>\n\n\n\n<p>As homenagens ao Major J\u00falio Frederico Koeler, na Pra\u00e7a Princesa Isabel, e ao Imperador Dom Pedro II, na Pra\u00e7a Dom Pedro, ser\u00e3o feitas sem cerim\u00f4nia e sem p\u00fablico. A entrega da revitaliza\u00e7\u00e3o do Rel\u00f3gio de Flores tamb\u00e9m fica adiada.<\/p>\n","protected":false},"excerpt":{"rendered":"<p>A Prefeitura de Petr\u00f3polis informou na noite desta segunda-feira (15) que, em fun\u00e7\u00e3o da pandemia,<\/p>\n","protected":false},"author":2,"featured_media":11388,"comment_status":"open","ping_status":"open","sticky":false,"template":"","format":"standard","meta":{"footnotes":""},"categories":[12],"tags":[],"class_list":["post-11387","post","type-post","status-publish","format-standard","has-post-thumbnail","hentry","category-cidade"],"_links":{"self":[{"href":"https:\/\/tvc16.com\/portal\/wp-json\/wp\/v2\/posts\/11387","targetHints":{"allow":["GET"]}}],"collection":[{"href":"https:\/\/tvc16.com\/portal\/wp-json\/wp\/v2\/posts"}],"about":[{"href":"https:\/\/tvc16.com\/portal\/wp-json\/wp\/v2\/types\/post"}],"author":[{"embeddable":true,"href":"https:\/\/tvc16.com\/portal\/wp-json\/wp\/v2\/users\/2"}],"replies":[{"embeddable":true,"href":"https:\/\/tvc16.com\/portal\/wp-json\/wp\/v2\/comments?post=11387"}],"version-history":[{"count":1,"href":"https:\/\/tvc16.com\/portal\/wp-json\/wp\/v2\/posts\/11387\/revisions"}],"predecessor-version":[{"id":11389,"href":"https:\/\/tvc16.com\/portal\/wp-json\/wp\/v2\/posts\/11387\/revisions\/11389"}],"wp:featuredmedia":[{"embeddable":true,"href":"https:\/\/tvc16.com\/portal\/wp-json\/wp\/v2\/media\/11388"}],"wp:attachment":[{"href":"https:\/\/tvc16.com\/portal\/wp-json\/wp\/v2\/media?parent=11387"}],"wp:term":[{"taxonomy":"category","embeddable":true,"href":"https:\/\/tvc16.com\/portal\/wp-json\/wp\/v2\/categories?post=11387"},{"taxonomy":"post_tag","embeddable":true,"href":"https:\/\/tvc16.com\/portal\/wp-json\/wp\/v2\/tags?post=11387"}],"curies":[{"name":"wp","href":"https:\/\/api.w.org\/{rel}","templated":true}]}}