{"id":11393,"date":"2021-03-16T11:24:11","date_gmt":"2021-03-16T14:24:11","guid":{"rendered":"https:\/\/tvc16.com\/portal\/?p=11393"},"modified":"2021-03-16T11:24:13","modified_gmt":"2021-03-16T14:24:13","slug":"prefeitura-amplia-pacote-de-medidas-para-conter-a-disseminacao-da-covid-19","status":"publish","type":"post","link":"https:\/\/tvc16.com\/portal\/2021\/03\/16\/prefeitura-amplia-pacote-de-medidas-para-conter-a-disseminacao-da-covid-19\/","title":{"rendered":"Prefeitura amplia pacote de medidas para conter a dissemina\u00e7\u00e3o da covid-19"},"content":{"rendered":"\n<p>Governo municipal prorroga restri\u00e7\u00f5es anunciadas no \u00faltimo dia (04) e fixa novo hor\u00e1rio para funcionamento do com\u00e9rcio<\/p>\n\n\n\n<p>A Prefeitura de Petr\u00f3polis decidiu prorrogar at\u00e9 o dia 22 de mar\u00e7o as medidas restritivas anunciadas no dia 4 para desacelerar a taxa de cont\u00e1gio da covid-19 e anunciou novas mudan\u00e7as. Al\u00e9m da limita\u00e7\u00e3o do hor\u00e1rio de funcionamento de bares, restaurantes at\u00e9 as 22h, proibi\u00e7\u00e3o de aglomera\u00e7\u00f5es, seja em \u00e1rea p\u00fablica ou privada, e proibi\u00e7\u00e3o de perman\u00eancia de pessoas nas ruas das 22h \u00e0s 5h, fica determinado o funcionamento do com\u00e9rcio em hor\u00e1rio diferenciado, das 11h \u00e0s 20h, com limita\u00e7\u00e3o de 50% da capacidade. <\/p>\n\n\n\n<p>Lojas de conveni\u00eancia que funcionam em postos de combust\u00edveis tamb\u00e9m est\u00e3o proibidas de venderem bebidas alco\u00f3licas das 22h \u00e0s 5h. O decreto municipal desta segunda-feira (15) tamb\u00e9m prev\u00ea limita\u00e7\u00e3o da ocupa\u00e7\u00e3o de templos religiosos em 50% da capacidade. Outras medidas est\u00e3o sendo preparadas e ser\u00e3o anunciadas nos pr\u00f3ximos dias.<\/p>\n\n\n\n<p><br>\u201cPrecisamos da uni\u00e3o de todos neste momento. As mudan\u00e7as s\u00e3o necess\u00e1rias para dar f\u00f4lego \u00e0 rede de sa\u00fade. Estamos nos desdobrando para aumentar o n\u00famero de leitos, mas, se n\u00e3o mudarmos nossas atitudes em rela\u00e7\u00e3o ao coronav\u00edrus, nada ser\u00e1 suficiente. A popula\u00e7\u00e3o precisa ajudar, adotando as medidas de preven\u00e7\u00e3o. Fa\u00e7o um apelo para que as pessoas mantenham o distanciamento social, usem m\u00e1scaras e tomem todos os cuidados para evitar a dissemina\u00e7\u00e3o e o cont\u00e1gio pelo coronav\u00edrus\u201d, pediu o prefeito interino Hingo Hammes.<\/p>\n\n\n\n<p><br>A decis\u00e3o pela amplia\u00e7\u00e3o das medidas leva em conta o cen\u00e1rio epidemiol\u00f3gico no pa\u00eds, com agravamento dos casos em todas as regi\u00f5es, e orienta\u00e7\u00f5es do Governo do Estado. Al\u00e9m disso, na cidade, houve aumento de mais de 40% no n\u00famero de internados nas redes p\u00fablica e privada do munic\u00edpio, em rela\u00e7\u00e3o \u00e0 primeira semana do m\u00eas de mar\u00e7o.<br><\/p>\n\n\n\n<p>\u201cEstamos fazendo o monitoramento di\u00e1rio dos dados e acompanhando de perto a situa\u00e7\u00e3o nas unidades de sa\u00fade. Todos os esfor\u00e7os est\u00e3o sendo feitos para que possamos absorver a demanda por atendimento, mas nada vai adiantar se a popula\u00e7\u00e3o n\u00e3o colaborar. Estamos completando um ano de pandemia, entendemos que todos est\u00e3o cansados, mas \u00e9 preciso que cada petropolitano colabore para que possamos superar este momento. O esfor\u00e7o de cada um conta. Refor\u00e7o o apelo do prefeito para que as pessoas mantenham as medidas de preven\u00e7\u00e3o, usem m\u00e1scara, mantenham o distanciamento social e sobretudo evitem as aglomera\u00e7\u00f5es\u201d, ressalta o secret\u00e1rio de Sa\u00fade, Aloisio Barbosa da Silva Filho.<\/p>\n\n\n\n<p><br>Campanha &#8211; A Prefeitura tamb\u00e9m lan\u00e7ou uma campanha de conscientiza\u00e7\u00e3o e vem utilizando tantos os carros da Defesa Civil quanto o sistema de alerta e alarme existente em comunidades da cidade para divulgar orienta\u00e7\u00f5es \u00e0 popula\u00e7\u00e3o.<\/p>\n\n\n\n<p><br>A prorroga\u00e7\u00e3o do decreto, que amplia as medidas est\u00e1 sendo publicada no Di\u00e1rio Oficial desta segunda-feira, dia 15, com efeito entre os dias 16 e 22 de mar\u00e7o.<\/p>\n","protected":false},"excerpt":{"rendered":"<p>Governo municipal prorroga restri\u00e7\u00f5es anunciadas no \u00faltimo dia (04) e fixa novo hor\u00e1rio para funcionamento<\/p>\n","protected":false},"author":2,"featured_media":11394,"comment_status":"open","ping_status":"open","sticky":false,"template":"","format":"standard","meta":{"footnotes":""},"categories":[12],"tags":[],"class_list":["post-11393","post","type-post","status-publish","format-standard","has-post-thumbnail","hentry","category-cidade"],"_links":{"self":[{"href":"https:\/\/tvc16.com\/portal\/wp-json\/wp\/v2\/posts\/11393","targetHints":{"allow":["GET"]}}],"collection":[{"href":"https:\/\/tvc16.com\/portal\/wp-json\/wp\/v2\/posts"}],"about":[{"href":"https:\/\/tvc16.com\/portal\/wp-json\/wp\/v2\/types\/post"}],"author":[{"embeddable":true,"href":"https:\/\/tvc16.com\/portal\/wp-json\/wp\/v2\/users\/2"}],"replies":[{"embeddable":true,"href":"https:\/\/tvc16.com\/portal\/wp-json\/wp\/v2\/comments?post=11393"}],"version-history":[{"count":1,"href":"https:\/\/tvc16.com\/portal\/wp-json\/wp\/v2\/posts\/11393\/revisions"}],"predecessor-version":[{"id":11395,"href":"https:\/\/tvc16.com\/portal\/wp-json\/wp\/v2\/posts\/11393\/revisions\/11395"}],"wp:featuredmedia":[{"embeddable":true,"href":"https:\/\/tvc16.com\/portal\/wp-json\/wp\/v2\/media\/11394"}],"wp:attachment":[{"href":"https:\/\/tvc16.com\/portal\/wp-json\/wp\/v2\/media?parent=11393"}],"wp:term":[{"taxonomy":"category","embeddable":true,"href":"https:\/\/tvc16.com\/portal\/wp-json\/wp\/v2\/categories?post=11393"},{"taxonomy":"post_tag","embeddable":true,"href":"https:\/\/tvc16.com\/portal\/wp-json\/wp\/v2\/tags?post=11393"}],"curies":[{"name":"wp","href":"https:\/\/api.w.org\/{rel}","templated":true}]}}