{"id":11397,"date":"2021-03-16T11:27:02","date_gmt":"2021-03-16T14:27:02","guid":{"rendered":"https:\/\/tvc16.com\/portal\/?p=11397"},"modified":"2021-03-16T11:27:05","modified_gmt":"2021-03-16T14:27:05","slug":"mais-quatro-mortes-por-covid-19-sao-confirmadas-em-petropolis","status":"publish","type":"post","link":"https:\/\/tvc16.com\/portal\/2021\/03\/16\/mais-quatro-mortes-por-covid-19-sao-confirmadas-em-petropolis\/","title":{"rendered":"Mais quatro mortes por covid-19 s\u00e3o confirmadas em Petr\u00f3polis"},"content":{"rendered":"\n<p>O boletim epidemiol\u00f3gico da Secretaria de Sa\u00fade desta segunda-feira (15\/3) mostrou que Petr\u00f3polis fez, at\u00e9 agora, 127.046 testes para Covid-19, com 22.348 resultados positivos e 98.687 negativos (levando em considera\u00e7\u00e3o testes r\u00e1pidos e Swab). Mais quatro \u00f3bitos foram confirmados nesta segunda-feira.<\/p>\n\n\n\n<p>Neste momento, 111 pessoas est\u00e3o internadas em leitos de UTI privados e pelo SUS. Outras 89 est\u00e3o em leitos cl\u00ednicos, considerando leitos privados e SUS, totalizando assim, 200 interna\u00e7\u00f5es em toda a rede da cidade. A ocupa\u00e7\u00e3o de leitos cl\u00ednicos pelo SUS \u00e9 de 71,62% e 83,81% em leitos de UTI.<\/p>\n\n\n\n<p>A Secretaria de Sa\u00fade esclarece que o n\u00famero de \u00f3bitos, hoje em 602, \u00e9 atualizado nos boletins apenas ap\u00f3s o registro do atestado de \u00f3bito e do resultado do exame do paciente no sistema da Vigil\u00e2ncia Epidemiol\u00f3gica, o que \u00e9 feito por equipe administrativa. Trata-se de medida de seguran\u00e7a para evitar erro na informa\u00e7\u00e3o divulgada pela Secretaria de Sa\u00fade.<\/p>\n\n\n\n<p>A Secretaria acrescenta, ainda, que trabalha na atualiza\u00e7\u00e3o de dados de notifica\u00e7\u00f5es e casos em an\u00e1lise no sistema, inserindo ainda dados n\u00e3o lan\u00e7ados no fim do ano passado. \u00c9 poss\u00edvel acompanhar a evolu\u00e7\u00e3o dos casos no portal da transpar\u00eancia do coronav\u00edrus, no site da Prefeitura (www.petropolis.rj.gov.br)<\/p>\n\n\n\n<p>\u00d3bitos registrados:<\/p>\n\n\n\n<p>Homem, 75 anos, morador em Corr\u00eaas. Internado em 17\/01 no Hospital Unimed. \u00d3bito registrado em 11\/03. Paciente com doen\u00e7a pulmonar obstrutiva cr\u00f4nica.<\/p>\n\n\n\n<p>Mulher, 63 anos, moradora no bairro \u00c1guas Lindas. Internada em 19\/02, no Hospital Unimed. \u00d3bito registrado em 14\/03. Paciente com hipertens\u00e3o arterial e diabete.<\/p>\n\n\n\n<p>Mulher, 70 anos, moradora no Sim\u00e9ria. Internada em 17\/02 na UPA Cascatinha e transferida para o HMNSE. \u00d3bito registrado em 15\/03. Paciente com doen\u00e7a arterial coronariana e hipertens\u00e3o.<\/p>\n\n\n\n<p>Homem, 78 anos, morador no S\u00e3o Sebasti\u00e3o. Internado em 03\/03 no HST. \u00d3bito registrado em 11\/03. Paciente com hipertens\u00e3o e diabete.<\/p>\n","protected":false},"excerpt":{"rendered":"<p>O boletim epidemiol\u00f3gico da Secretaria de Sa\u00fade desta segunda-feira (15\/3) mostrou que Petr\u00f3polis fez, at\u00e9<\/p>\n","protected":false},"author":2,"featured_media":11398,"comment_status":"open","ping_status":"open","sticky":false,"template":"","format":"standard","meta":{"footnotes":""},"categories":[12],"tags":[],"class_list":["post-11397","post","type-post","status-publish","format-standard","has-post-thumbnail","hentry","category-cidade"],"_links":{"self":[{"href":"https:\/\/tvc16.com\/portal\/wp-json\/wp\/v2\/posts\/11397","targetHints":{"allow":["GET"]}}],"collection":[{"href":"https:\/\/tvc16.com\/portal\/wp-json\/wp\/v2\/posts"}],"about":[{"href":"https:\/\/tvc16.com\/portal\/wp-json\/wp\/v2\/types\/post"}],"author":[{"embeddable":true,"href":"https:\/\/tvc16.com\/portal\/wp-json\/wp\/v2\/users\/2"}],"replies":[{"embeddable":true,"href":"https:\/\/tvc16.com\/portal\/wp-json\/wp\/v2\/comments?post=11397"}],"version-history":[{"count":1,"href":"https:\/\/tvc16.com\/portal\/wp-json\/wp\/v2\/posts\/11397\/revisions"}],"predecessor-version":[{"id":11399,"href":"https:\/\/tvc16.com\/portal\/wp-json\/wp\/v2\/posts\/11397\/revisions\/11399"}],"wp:featuredmedia":[{"embeddable":true,"href":"https:\/\/tvc16.com\/portal\/wp-json\/wp\/v2\/media\/11398"}],"wp:attachment":[{"href":"https:\/\/tvc16.com\/portal\/wp-json\/wp\/v2\/media?parent=11397"}],"wp:term":[{"taxonomy":"category","embeddable":true,"href":"https:\/\/tvc16.com\/portal\/wp-json\/wp\/v2\/categories?post=11397"},{"taxonomy":"post_tag","embeddable":true,"href":"https:\/\/tvc16.com\/portal\/wp-json\/wp\/v2\/tags?post=11397"}],"curies":[{"name":"wp","href":"https:\/\/api.w.org\/{rel}","templated":true}]}}