{"id":11403,"date":"2021-03-16T11:46:49","date_gmt":"2021-03-16T14:46:49","guid":{"rendered":"https:\/\/tvc16.com\/portal\/?p=11403"},"modified":"2021-03-16T11:46:52","modified_gmt":"2021-03-16T14:46:52","slug":"obras-da-exposicao-xix-xx-xxi-contrastam-com-arquitetura-ecletica-da-casa-de-petropolis","status":"publish","type":"post","link":"https:\/\/tvc16.com\/portal\/2021\/03\/16\/obras-da-exposicao-xix-xx-xxi-contrastam-com-arquitetura-ecletica-da-casa-de-petropolis\/","title":{"rendered":"Obras da Exposi\u00e7\u00e3o XIX XX XXI contrastam com arquitetura ecl\u00e9tica da Casa de Petr\u00f3polis"},"content":{"rendered":"\n<p>Quem visitar a mostra nesta ter\u00e7a-feira (16), anivers\u00e1rio de Petr\u00f3polis, ganha um livro de presente<\/p>\n\n\n\n<p>Uma escultura em PVC e fibra de vidro azul que chega a atingir 135 metros de altura se imp\u00f5e em meio ao imponente sal\u00e3o de visitas da Casa de Petr\u00f3polis. A obra do artista Marcelo Lago contrasta com a arquitetura ecl\u00e9tica do s\u00e9culo XIX em ambiente marcado pela simetria. A cria\u00e7\u00e3o \u00e9 uma das 20 que encantam os visitantes que chegam ao casar\u00e3o hist\u00f3rico para visitar a Exposi\u00e7\u00e3o XIX XX XXI, \u00e0 mostra at\u00e9 o pr\u00f3ximo dia 30 de maio. Nesta ter\u00e7a-feira, 16 de mar\u00e7o, anivers\u00e1rio de Petr\u00f3polis, o espa\u00e7o estar\u00e1 aberto para receber o p\u00fablico presenteando cada pessoa com uma obra da literatura nacional ou internacional.<\/p>\n\n\n\n<p>A casa foi reaberta ao p\u00fablico em dezembro e a exposi\u00e7\u00e3o XIX XX XXI marca o in\u00edcio dessa nova trajet\u00f3ria da Casa de Petr\u00f3polis como Instituto de Cultura. Um lugar onde turistas e petropolitanos podem frequentar. \u201cNossa ideia n\u00e3o \u00e9 s\u00f3 ser um museu que a pessoa visita uma vez e n\u00e3o volta. O objetivo \u00e9 que se torne um espa\u00e7o que as pessoas possam frequentar, seja para ver as exposi\u00e7\u00f5es, assistir aos concertos ou, simplesmente, sentar no jardim e apreciar a paisagem\u201d, diz Rachel Wider, diretora da casa e historiadora.<\/p>\n\n\n\n<p>Al\u00e9m da obra imponente de Marcelo Lago, a exposi\u00e7\u00e3o XIX XX XXI tamb\u00e9m conta com trabalhos encantadores de outros grandes artistas, como Beatriz Milhazes. Com quase 2,5m de altura, a \u00fanica escultura feita por ela lembra uma flor em vaso cor de rosa e \u00e9 composta por resina, poli\u00e9ster e fibra de vidro.<\/p>\n\n\n\n<p>J\u00e1 as pe\u00e7as em cer\u00e2mica de Ana Rondon expressam quest\u00f5es de corpo e lembram grandes cora\u00e7\u00f5es em distintos formatos. H\u00e1, ainda, as colheres de Bel Figueira de Mello que, coloridas, n\u00e3o passam despercebidas aos seus visitantes.<\/p>\n\n\n\n<p>\u201cS\u00e3o obras intrigantes que despertam a curiosidade do p\u00fablico e chamam aten\u00e7\u00e3o seja pelas cores, formatos ou t\u00e9cnicas utilizadas em sua composi\u00e7\u00e3o. Esse misto traz \u00e0 tona o aspecto multicultural, salientando a nova proposta da casa desde que foi reaberta \u00e0 visita\u00e7\u00e3o enquanto Instituto Cultural\u201d, destaca Rachel Wider.<\/p>\n\n\n\n<p>Os contrastes entre as obras e os detalhes do casar\u00e3o tamb\u00e9m est\u00e3o nas paredes. Na sala dourada, onde o papel de parede com p\u00f3 de ouro d\u00e1 a impress\u00e3o ao visitante de estar em uma caixa de joias, as fotografias da s\u00e9rie Jardim Oculto, de Antonia Dias Leites, misturam subjetividade e visceralidade.<\/p>\n\n\n\n<p>E bem perto dali uma outra sala chama aten\u00e7\u00e3o. Pintada em branco, o visitante se sente numa sala de galeria e em todos os seus cantos enxerga alguma grande obra de artistas consagrados. \u00c9 ali que fica a obra \u201cAutorretrato\u201d, de Alcides da Rocha Miranda; duas obras de Burle Marx, \u201cNoite Indormida\u201d e \u201cElisa, Elisius\u201d e\u201cAnjo da Paz\u201d, de Djanira feita em guache sobre papel.<\/p>\n\n\n\n<p>Em outro canto \u00e9 poss\u00edvel apreciar o \u201cMar de Arrebenta\u00e7\u00e3o\u201d, de Jannette Priolli; \u201cCa\u00e7a\u201d de John Nicholson; \u201cPintura Vertical\u201d de J\u00falia Miranda; \u201cCasa de Sub\u00farbio\u201d de Lauro Cavalcanti; al\u00e9m da obra do pr\u00f3prio idealizador da exposi\u00e7\u00e3o, Luiz Aquila: \u201cA pintura e a visita \u00e0 Murnau\u201d.<\/p>\n\n\n\n<p>O espa\u00e7o conta, ainda, com obras de Nelson Maravalhas, Daniel Senise, Cl\u00e1udio Kuperman, Babinski e Athos Bulc\u00e3o. A mostra faz parte do roteiro de visita\u00e7\u00e3o da Casa de Petr\u00f3polis e pode ser visitada at\u00e9 maio de quarta a domingo, das 10h \u00e0s 16h. J\u00e1 nas ter\u00e7as, as visitas s\u00e3o apenas mediante a agendamento para grupos. Os ingressos custam R$ 10 inteira e R$ 5 meia. A Casa conta com estacionamento pr\u00f3prio. O valor \u00e9 cobrado \u00e0 parte.<\/p>\n\n\n\n<p><strong>Servi\u00e7o:<\/strong><br>Exposi\u00e7\u00e3o XIX, XX, XXI<br>Data: at\u00e9 31 de maio de 2021<br>Hor\u00e1rios: Quarta a domingo, das 10h \u00e0s 16h (ter\u00e7as-feiras mediante agendamento para grupos pelo&nbsp;<a href=\"mailto:culturacasadepetropolis@gmail.com\" target=\"_blank\" rel=\"noreferrer noopener\">culturacasadepetropolis@gmail.com<\/a>)<br>Endere\u00e7o: Av. Ipiranga, 716, Centro Hist\u00f3rico \u2013 Petr\u00f3polis-RJ<br>Ingressos: R$10 inteira \/ R$5 inteira \/ Estacionamento \u00e0 parte<\/p>\n","protected":false},"excerpt":{"rendered":"<p>Quem visitar a mostra nesta ter\u00e7a-feira (16), anivers\u00e1rio de Petr\u00f3polis, ganha um livro de presente<\/p>\n","protected":false},"author":2,"featured_media":11407,"comment_status":"open","ping_status":"open","sticky":false,"template":"","format":"standard","meta":{"footnotes":""},"categories":[12],"tags":[],"class_list":["post-11403","post","type-post","status-publish","format-standard","has-post-thumbnail","hentry","category-cidade"],"_links":{"self":[{"href":"https:\/\/tvc16.com\/portal\/wp-json\/wp\/v2\/posts\/11403","targetHints":{"allow":["GET"]}}],"collection":[{"href":"https:\/\/tvc16.com\/portal\/wp-json\/wp\/v2\/posts"}],"about":[{"href":"https:\/\/tvc16.com\/portal\/wp-json\/wp\/v2\/types\/post"}],"author":[{"embeddable":true,"href":"https:\/\/tvc16.com\/portal\/wp-json\/wp\/v2\/users\/2"}],"replies":[{"embeddable":true,"href":"https:\/\/tvc16.com\/portal\/wp-json\/wp\/v2\/comments?post=11403"}],"version-history":[{"count":1,"href":"https:\/\/tvc16.com\/portal\/wp-json\/wp\/v2\/posts\/11403\/revisions"}],"predecessor-version":[{"id":11408,"href":"https:\/\/tvc16.com\/portal\/wp-json\/wp\/v2\/posts\/11403\/revisions\/11408"}],"wp:featuredmedia":[{"embeddable":true,"href":"https:\/\/tvc16.com\/portal\/wp-json\/wp\/v2\/media\/11407"}],"wp:attachment":[{"href":"https:\/\/tvc16.com\/portal\/wp-json\/wp\/v2\/media?parent=11403"}],"wp:term":[{"taxonomy":"category","embeddable":true,"href":"https:\/\/tvc16.com\/portal\/wp-json\/wp\/v2\/categories?post=11403"},{"taxonomy":"post_tag","embeddable":true,"href":"https:\/\/tvc16.com\/portal\/wp-json\/wp\/v2\/tags?post=11403"}],"curies":[{"name":"wp","href":"https:\/\/api.w.org\/{rel}","templated":true}]}}