{"id":11416,"date":"2021-03-16T12:00:11","date_gmt":"2021-03-16T15:00:11","guid":{"rendered":"https:\/\/tvc16.com\/portal\/?p=11416"},"modified":"2021-03-16T12:00:15","modified_gmt":"2021-03-16T15:00:15","slug":"programa-de-qualificacao-profissional-do-governo-abre-inscricoes","status":"publish","type":"post","link":"https:\/\/tvc16.com\/portal\/2021\/03\/16\/programa-de-qualificacao-profissional-do-governo-abre-inscricoes\/","title":{"rendered":"Programa de qualifica\u00e7\u00e3o profissional do governo abre inscri\u00e7\u00f5es"},"content":{"rendered":"\n<h3 class=\"wp-block-heading\">S\u00e3o mais de 6 mil vagas em \u00e1reas de tecnologia<\/h3>\n\n\n\n<h3 class=\"wp-block-heading\">Por Pedro Rafael Vilela &#8211; Rep\u00f3rter da Ag\u00eancia Brasil &#8211; Bras\u00edlia<\/h3>\n\n\n\n<p>O programa Qualifica Mais-Emprega Mais, uma iniciativa dos minist\u00e9rios da Educa\u00e7\u00e3o (MEC) e da Economia, est\u00e1 com inscri\u00e7\u00f5es abertas de cursos&nbsp;<em>online<\/em>&nbsp;de qualifica\u00e7\u00e3o profissional para jovens com at\u00e9 29 anos. Nesta primeira fase, que funcionar\u00e1 como projeto-piloto, ser\u00e3o disponibilizadas 6.069 vagas gratuitas. S\u00e3o tr\u00eas cursos oferecidos na \u00e1rea de tecnologias&nbsp;da informa\u00e7\u00e3o e comunica\u00e7\u00e3o (TICs): programador de sistemas, programador web e programador de dispositivos m\u00f3veis.&nbsp;&nbsp;<img decoding=\"async\" src=\"https:\/\/agenciabrasil.ebc.com.br\/ebc.png?id=1404034&amp;o=node\"><img decoding=\"async\" src=\"https:\/\/agenciabrasil.ebc.com.br\/ebc.gif?id=1404034&amp;o=node\"><\/p>\n\n\n\n<p>Os cursos&nbsp;ter\u00e3o dura\u00e7\u00e3o de cerca de 200 horas cada. Neste primeiro momento, eles est\u00e3o sendo ofertados para jovens que residam em 11 regi\u00f5es metropolitanas do pa\u00eds: Salvador, Fortaleza, Bras\u00edlia, Belo Horizonte, Recife, Florian\u00f3polis, Joinville, Porto Alegre, Curitiba, S\u00e3o Paulo e Campinas. Al\u00e9m da qualifica\u00e7\u00e3o, os estudantes que conclu\u00edrem os cursos ser\u00e3o auxiliados para inser\u00e7\u00e3o no mercado de trabalho.<\/p>\n\n\n\n<p>De acordo com a Secretaria de Educa\u00e7\u00e3o Profissional e Tecnol\u00f3gica do MEC, a sele\u00e7\u00e3o dos estudantes ser\u00e1 realizada pela plataforma EduLivre, por meio do preenchimento de uma trilha educacional, onde os candidatos v\u00e3o conhecer o contexto do mercado de trabalho no qual pretendem se inserir. A trilha ficar\u00e1 aberta at\u00e9 o dia&nbsp;11 de abril&nbsp;e contar\u00e1 com informa\u00e7\u00f5es sobre os cursos e postos de trabalho a eles relacionados, al\u00e9m de apresentar aos candidatos alguns exerc\u00edcios sobre o conte\u00fado apresentado na pr\u00f3pria trilha.<\/p>\n\n\n\n<p>A partir do dia&nbsp;12 de abril, os participantes selecionados receber\u00e3o um&nbsp;<em>e-mail<\/em>&nbsp;para a confirma\u00e7\u00e3o de matr\u00edcula, enviado diretamente por uma das setes institui\u00e7\u00f5es selecionadas pelo governo para o programa.<\/p>\n\n\n\n<p>Para a realiza\u00e7\u00e3o da matr\u00edcula, os selecionados devem residir em uma das 11 regi\u00f5es metropolitanas participantes e terem o ensino m\u00e9dio completo. As aulas est\u00e3o previstas para come\u00e7ar em&nbsp;10 de maio.<\/p>\n\n\n\n<p>Mais detalhes do Qualiifica Mais est\u00e3o dispon\u00edveis no<em>&nbsp;<a href=\"https:\/\/www.gov.br\/mec\/pt-br\/acesso-a-informacao\/institucional\/secretarias\/secretaria-de-educacao-profissional\/projeto-piloto-qualifica-mais\" target=\"_blank\" rel=\"noreferrer noopener\">site<\/a><\/em><a href=\"https:\/\/www.gov.br\/mec\/pt-br\/acesso-a-informacao\/institucional\/secretarias\/secretaria-de-educacao-profissional\/projeto-piloto-qualifica-mais\" target=\"_blank\" rel=\"noreferrer noopener\">&nbsp;do prgrama<\/a>&nbsp;na internet.<\/p>\n\n\n\n<p>Edi\u00e7\u00e3o: Gra\u00e7a Adjuto<\/p>\n","protected":false},"excerpt":{"rendered":"<p>S\u00e3o mais de 6 mil vagas em \u00e1reas de tecnologia Por Pedro Rafael Vilela &#8211;<\/p>\n","protected":false},"author":2,"featured_media":11417,"comment_status":"open","ping_status":"open","sticky":false,"template":"","format":"standard","meta":{"footnotes":""},"categories":[17],"tags":[],"class_list":["post-11416","post","type-post","status-publish","format-standard","has-post-thumbnail","hentry","category-outras-noticias"],"_links":{"self":[{"href":"https:\/\/tvc16.com\/portal\/wp-json\/wp\/v2\/posts\/11416","targetHints":{"allow":["GET"]}}],"collection":[{"href":"https:\/\/tvc16.com\/portal\/wp-json\/wp\/v2\/posts"}],"about":[{"href":"https:\/\/tvc16.com\/portal\/wp-json\/wp\/v2\/types\/post"}],"author":[{"embeddable":true,"href":"https:\/\/tvc16.com\/portal\/wp-json\/wp\/v2\/users\/2"}],"replies":[{"embeddable":true,"href":"https:\/\/tvc16.com\/portal\/wp-json\/wp\/v2\/comments?post=11416"}],"version-history":[{"count":1,"href":"https:\/\/tvc16.com\/portal\/wp-json\/wp\/v2\/posts\/11416\/revisions"}],"predecessor-version":[{"id":11418,"href":"https:\/\/tvc16.com\/portal\/wp-json\/wp\/v2\/posts\/11416\/revisions\/11418"}],"wp:featuredmedia":[{"embeddable":true,"href":"https:\/\/tvc16.com\/portal\/wp-json\/wp\/v2\/media\/11417"}],"wp:attachment":[{"href":"https:\/\/tvc16.com\/portal\/wp-json\/wp\/v2\/media?parent=11416"}],"wp:term":[{"taxonomy":"category","embeddable":true,"href":"https:\/\/tvc16.com\/portal\/wp-json\/wp\/v2\/categories?post=11416"},{"taxonomy":"post_tag","embeddable":true,"href":"https:\/\/tvc16.com\/portal\/wp-json\/wp\/v2\/tags?post=11416"}],"curies":[{"name":"wp","href":"https:\/\/api.w.org\/{rel}","templated":true}]}}