{"id":11419,"date":"2021-03-16T12:01:18","date_gmt":"2021-03-16T15:01:18","guid":{"rendered":"https:\/\/tvc16.com\/portal\/?p=11419"},"modified":"2021-03-16T12:01:22","modified_gmt":"2021-03-16T15:01:22","slug":"covid-19-franca-investiga-nova-variante-que-escapa-a-teste-pcr","status":"publish","type":"post","link":"https:\/\/tvc16.com\/portal\/2021\/03\/16\/covid-19-franca-investiga-nova-variante-que-escapa-a-teste-pcr\/","title":{"rendered":"Covid-19: Fran\u00e7a investiga nova variante que escapa a teste PCR"},"content":{"rendered":"\n<h3 class=\"wp-block-heading\">\u00a0Nova estirpe foi detectada em hospital de Lannion, na Bretanha<\/h3>\n\n\n\n<h4 class=\"wp-block-heading\">Por RTP &#8211; Paris<\/h4>\n\n\n\n<p>Uma nova variante do novo coronav\u00edrus preocupa&nbsp;as autoridades francesas. A&nbsp;nova estirpe, detectada em um hospital de Lannion, na Bretanha, em C\u00f4tes-d&#8217;Armor, n\u00e3o foi identificada por meio&nbsp;dos testes PCR, mas apenas com testes sorol\u00f3gicos e coleta&nbsp;de mat\u00e9ria biol\u00f3gica. Especialistas investigam se a variante \u00e9 mais&nbsp;infecciosa ou mortal.<img decoding=\"async\" src=\"https:\/\/agenciabrasil.ebc.com.br\/ebc.png?id=1404037&amp;o=node\"><img decoding=\"async\" src=\"https:\/\/agenciabrasil.ebc.com.br\/ebc.gif?id=1404037&amp;o=node\"><\/p>\n\n\n\n<p>A nova variante foi detectada em meio a um foco de infec\u00e7\u00e3o no hospital de Lannion. Entre 79 doentes, oito tinham sintomas de covid-19, incluindo infec\u00e7\u00f5es pulmonares graves. No entanto, os testes desses oito pacientes apresentavam sucessivamente resultados negativos.<\/p>\n\n\n\n<p>Nesses casos, s\u00f3 foi poss\u00edvel confirmar que se tratava de covid-19 por meio&nbsp;da realiza\u00e7\u00e3o de testes serol\u00f3gicos e coleta&nbsp;de mat\u00e9ria biol\u00f3gica nos pulm\u00f5es, interven\u00e7\u00e3o mais demorada e invasiva.<\/p>\n\n\n\n<p>Os cientistas do Instituto Pasteur procuram agora saber se a&nbsp;variante, com nove muta\u00e7\u00f5es gen\u00e9ticas, resiste \u00e0 vacina\u00e7\u00e3o, ou se apresenta car\u00e1ter mais infeccioso e mortal.&nbsp;<\/p>\n\n\n\n<p>\u201cEst\u00e1 em curso uma avalia\u00e7\u00e3o para apurar o poss\u00edvel impacto dessas modifica\u00e7\u00f5es gen\u00e9ticas na incapacidade de reconhecimento por testes virol\u00f3gicos, o que conduz a um subdiagn\u00f3stico e que poder\u00e1 interferir na estrat\u00e9gia de rastreamento atualmente em vigor\u201d, diz&nbsp;a Direction g\u00e9nerale de la Sant\u00e9 (DGS) em comunicado.<\/p>\n\n\n\n<p>No comunicado, a DGS francesa indica que todos os casos que se enquadrem na defini\u00e7\u00e3o dessa nova variante, prov\u00e1veis ou confirmados \u201cdevem ser submetidos a um isolamento estrito durante um per\u00edodo de dez dias\u201d.<\/p>\n\n\n\n<p>O alerta surge no momento altura em que a pandemia progride no pa\u00eds, sobretudo na \u00e1rea metropolitana de Paris. Nessa&nbsp;segunda-feira foram registrados&nbsp;333 \u00f3bitos e 6,47 mil&nbsp;novos casos em todo o territ\u00f3rio franc\u00eas.<\/p>\n\n\n\n<p>No total, o pa\u00eds contabilizou 4,078 milh\u00f5es e 90,78 mil mortes&nbsp;desde o in\u00edcio da pandemia. Est\u00e3o internadas nos hospitais franceses mais de 25 mil pessoas, das quais 4,21 mil&nbsp;nos cuidados intensivos.<\/p>\n\n\n\n<p>A expectativa \u00e9 que o presidente franc\u00eas, Emmanuel Macron, anuncie novas medidas nos pr\u00f3ximos dias, tendo em conta a evolu\u00e7\u00e3o da pandemia sobretudo na regi\u00e3o de \u00cele-de-France.<\/p>\n\n\n\n<p>\u201cVamos ter de tomar novas decis\u00f5es nos pr\u00f3ximos dias, sem d\u00favida\u201d, afirmou Macron nessa&nbsp;segunda-feira, quando questionado sobre a possibilidade de um novo confinamento na regi\u00e3o parisiense, antes da divulga\u00e7\u00e3o de informa\u00e7\u00f5es sobre a nova variante, no norte de Fran\u00e7a.<\/p>\n","protected":false},"excerpt":{"rendered":"<p>\u00a0Nova estirpe foi detectada em hospital de Lannion, na Bretanha Por RTP &#8211; Paris Uma<\/p>\n","protected":false},"author":2,"featured_media":11420,"comment_status":"open","ping_status":"open","sticky":false,"template":"","format":"standard","meta":{"footnotes":""},"categories":[17],"tags":[],"class_list":["post-11419","post","type-post","status-publish","format-standard","has-post-thumbnail","hentry","category-outras-noticias"],"_links":{"self":[{"href":"https:\/\/tvc16.com\/portal\/wp-json\/wp\/v2\/posts\/11419","targetHints":{"allow":["GET"]}}],"collection":[{"href":"https:\/\/tvc16.com\/portal\/wp-json\/wp\/v2\/posts"}],"about":[{"href":"https:\/\/tvc16.com\/portal\/wp-json\/wp\/v2\/types\/post"}],"author":[{"embeddable":true,"href":"https:\/\/tvc16.com\/portal\/wp-json\/wp\/v2\/users\/2"}],"replies":[{"embeddable":true,"href":"https:\/\/tvc16.com\/portal\/wp-json\/wp\/v2\/comments?post=11419"}],"version-history":[{"count":1,"href":"https:\/\/tvc16.com\/portal\/wp-json\/wp\/v2\/posts\/11419\/revisions"}],"predecessor-version":[{"id":11421,"href":"https:\/\/tvc16.com\/portal\/wp-json\/wp\/v2\/posts\/11419\/revisions\/11421"}],"wp:featuredmedia":[{"embeddable":true,"href":"https:\/\/tvc16.com\/portal\/wp-json\/wp\/v2\/media\/11420"}],"wp:attachment":[{"href":"https:\/\/tvc16.com\/portal\/wp-json\/wp\/v2\/media?parent=11419"}],"wp:term":[{"taxonomy":"category","embeddable":true,"href":"https:\/\/tvc16.com\/portal\/wp-json\/wp\/v2\/categories?post=11419"},{"taxonomy":"post_tag","embeddable":true,"href":"https:\/\/tvc16.com\/portal\/wp-json\/wp\/v2\/tags?post=11419"}],"curies":[{"name":"wp","href":"https:\/\/api.w.org\/{rel}","templated":true}]}}