{"id":11422,"date":"2021-03-16T12:03:26","date_gmt":"2021-03-16T15:03:26","guid":{"rendered":"https:\/\/tvc16.com\/portal\/?p=11422"},"modified":"2021-03-16T12:03:28","modified_gmt":"2021-03-16T15:03:28","slug":"covid-19-brasil-tem-20o-dia-seguido-de-recorde-na-media-de-mortes","status":"publish","type":"post","link":"https:\/\/tvc16.com\/portal\/2021\/03\/16\/covid-19-brasil-tem-20o-dia-seguido-de-recorde-na-media-de-mortes\/","title":{"rendered":"Covid-19: Brasil tem 20\u00ba dia seguido de recorde na m\u00e9dia de mortes"},"content":{"rendered":"\n<h3 class=\"wp-block-heading\">Levantamento \u00e9 da Fiocruz<\/h3>\n\n\n\n<h4 class=\"wp-block-heading\">Por Vitor Abdala &#8211; Rep\u00f3rter da Ag\u00eancia Brasil &#8211; Rio de Janeiro<\/h4>\n\n\n\n<p>O pa\u00eds registrou ontem (15) o 20\u00ba dia seguido de recorde no n\u00famero de mortes por covid-19, segundo a m\u00e9dia m\u00f3vel de sete dias divulgada pela Funda\u00e7\u00e3o Oswaldo Cruz (Fiocruz). O boletim Monitora Covid da Fiocruz mostra que a m\u00e9dia de \u00f3bitos chegou a 1.841.<img decoding=\"async\" src=\"https:\/\/agenciabrasil.ebc.com.br\/ebc.png?id=1404039&amp;o=node\"><img decoding=\"async\" src=\"https:\/\/agenciabrasil.ebc.com.br\/ebc.gif?id=1404039&amp;o=node\"><\/p>\n\n\n\n<p>A m\u00e9dia est\u00e1 69,5% acima do n\u00famero de um m\u00eas antes (1.086 \u00f3bitos) e \u00e9 50,3% superior ao registrado 14 dias antes (1.225). Na compara\u00e7\u00e3o com o pico de 2020, que ocorreu em 25 de julho, quando atingiu a marca de 1.096 mortes, o crescimento chegou a 67,9%.<\/p>\n\n\n\n<p>A m\u00e9dia m\u00f3vel de sete dias da Fiocruz \u00e9 calculada atrav\u00e9s da soma dos registros no dia e nos seis dias anteriores e da divis\u00e3o do total por sete. Por isso, os n\u00fameros divergem daqueles apresentados pelo Minist\u00e9rio da Sa\u00fade, que apresenta apenas os \u00f3bitos registrados em um dia espec\u00edfico.<\/p>\n\n\n\n<p>O total de casos chegou ontem a 66.849, segundo a m\u00e9dia m\u00f3vel de sete dias. As altas s\u00e3o de 19,4% em rela\u00e7\u00e3o a 14 dias antes (55.977 casos) e de 46,9% na compara\u00e7\u00e3o com 30 dias antes (45.518).<\/p>\n\n\n\n<p>Os casos, no entanto, est\u00e3o 6,5% abaixo do recorde registrado no dia 13 de mar\u00e7o (71.531).<\/p>\n\n\n\n<p>Edi\u00e7\u00e3o: Kleber Sampaio<\/p>\n","protected":false},"excerpt":{"rendered":"<p>Levantamento \u00e9 da Fiocruz Por Vitor Abdala &#8211; Rep\u00f3rter da Ag\u00eancia Brasil &#8211; Rio de<\/p>\n","protected":false},"author":2,"featured_media":11423,"comment_status":"open","ping_status":"open","sticky":false,"template":"","format":"standard","meta":{"footnotes":""},"categories":[17],"tags":[],"class_list":["post-11422","post","type-post","status-publish","format-standard","has-post-thumbnail","hentry","category-outras-noticias"],"_links":{"self":[{"href":"https:\/\/tvc16.com\/portal\/wp-json\/wp\/v2\/posts\/11422","targetHints":{"allow":["GET"]}}],"collection":[{"href":"https:\/\/tvc16.com\/portal\/wp-json\/wp\/v2\/posts"}],"about":[{"href":"https:\/\/tvc16.com\/portal\/wp-json\/wp\/v2\/types\/post"}],"author":[{"embeddable":true,"href":"https:\/\/tvc16.com\/portal\/wp-json\/wp\/v2\/users\/2"}],"replies":[{"embeddable":true,"href":"https:\/\/tvc16.com\/portal\/wp-json\/wp\/v2\/comments?post=11422"}],"version-history":[{"count":1,"href":"https:\/\/tvc16.com\/portal\/wp-json\/wp\/v2\/posts\/11422\/revisions"}],"predecessor-version":[{"id":11424,"href":"https:\/\/tvc16.com\/portal\/wp-json\/wp\/v2\/posts\/11422\/revisions\/11424"}],"wp:featuredmedia":[{"embeddable":true,"href":"https:\/\/tvc16.com\/portal\/wp-json\/wp\/v2\/media\/11423"}],"wp:attachment":[{"href":"https:\/\/tvc16.com\/portal\/wp-json\/wp\/v2\/media?parent=11422"}],"wp:term":[{"taxonomy":"category","embeddable":true,"href":"https:\/\/tvc16.com\/portal\/wp-json\/wp\/v2\/categories?post=11422"},{"taxonomy":"post_tag","embeddable":true,"href":"https:\/\/tvc16.com\/portal\/wp-json\/wp\/v2\/tags?post=11422"}],"curies":[{"name":"wp","href":"https:\/\/api.w.org\/{rel}","templated":true}]}}