{"id":11425,"date":"2021-03-16T12:04:16","date_gmt":"2021-03-16T15:04:16","guid":{"rendered":"https:\/\/tvc16.com\/portal\/?p=11425"},"modified":"2021-03-16T12:04:19","modified_gmt":"2021-03-16T15:04:19","slug":"igp-10-acumula-taxa-de-3116-em-12-meses-diz-fgv","status":"publish","type":"post","link":"https:\/\/tvc16.com\/portal\/2021\/03\/16\/igp-10-acumula-taxa-de-3116-em-12-meses-diz-fgv\/","title":{"rendered":"IGP-10 acumula taxa de 31,16% em 12 meses, diz FGV"},"content":{"rendered":"\n<h3 class=\"wp-block-heading\">\u00cdndice registrou infla\u00e7\u00e3o de 2,99% em mar\u00e7o deste ano<\/h3>\n\n\n\n<h3 class=\"wp-block-heading\">Por Vitor Abdala &#8211; Rep\u00f3rter da Ag\u00eancia Brasil &#8211; Rio de Janeiro<\/h3>\n\n\n\n<p>O \u00cdndice Geral de Pre\u00e7os \u2013 10 (IGP-10) registrou infla\u00e7\u00e3o de 2,99% em mar\u00e7o deste ano, taxa superior aos 2,97% de fevereiro. Segundo a Funda\u00e7\u00e3o Getulio Vargas (FGV), o IGP-10 acumula taxas de infla\u00e7\u00e3o de 7,47% no ano e de 31,16% em 12 meses.<img decoding=\"async\" src=\"https:\/\/agenciabrasil.ebc.com.br\/ebc.png?id=1404042&amp;o=node\"><img decoding=\"async\" src=\"https:\/\/agenciabrasil.ebc.com.br\/ebc.gif?id=1404042&amp;o=node\"><\/p>\n\n\n\n<p>Em mar\u00e7o, os pre\u00e7os no atacado, medidos pelo \u00cdndice de Pre\u00e7os ao Produtor, subiram 3,69%, taxa inferior aos 3,90% de fevereiro.<\/p>\n\n\n\n<p>O \u00cdndice de Pre\u00e7os ao Consumidor, que mede o varejo, teve infla\u00e7\u00e3o de 0,71% em mar\u00e7o, ante o 0,35% de fevereiro. J\u00e1 o \u00cdndice Nacional de Custo da Constru\u00e7\u00e3o passou de 0,98% em fevereiro para 1,96% em mar\u00e7o.<\/p>\n\n\n\n<p>O IGP-10 \u00e9 um \u00edndice de abrang\u00eancia nacional calculado com base em pre\u00e7os coletados entre os dias 11 do m\u00eas anterior e 10 do m\u00eas de refer\u00eancia.<\/p>\n\n\n\n<p>Edi\u00e7\u00e3o: Val\u00e9ria Aguiar<\/p>\n","protected":false},"excerpt":{"rendered":"<p>\u00cdndice registrou infla\u00e7\u00e3o de 2,99% em mar\u00e7o deste ano Por Vitor Abdala &#8211; Rep\u00f3rter da<\/p>\n","protected":false},"author":2,"featured_media":11426,"comment_status":"open","ping_status":"open","sticky":false,"template":"","format":"standard","meta":{"footnotes":""},"categories":[17],"tags":[],"class_list":["post-11425","post","type-post","status-publish","format-standard","has-post-thumbnail","hentry","category-outras-noticias"],"_links":{"self":[{"href":"https:\/\/tvc16.com\/portal\/wp-json\/wp\/v2\/posts\/11425","targetHints":{"allow":["GET"]}}],"collection":[{"href":"https:\/\/tvc16.com\/portal\/wp-json\/wp\/v2\/posts"}],"about":[{"href":"https:\/\/tvc16.com\/portal\/wp-json\/wp\/v2\/types\/post"}],"author":[{"embeddable":true,"href":"https:\/\/tvc16.com\/portal\/wp-json\/wp\/v2\/users\/2"}],"replies":[{"embeddable":true,"href":"https:\/\/tvc16.com\/portal\/wp-json\/wp\/v2\/comments?post=11425"}],"version-history":[{"count":1,"href":"https:\/\/tvc16.com\/portal\/wp-json\/wp\/v2\/posts\/11425\/revisions"}],"predecessor-version":[{"id":11427,"href":"https:\/\/tvc16.com\/portal\/wp-json\/wp\/v2\/posts\/11425\/revisions\/11427"}],"wp:featuredmedia":[{"embeddable":true,"href":"https:\/\/tvc16.com\/portal\/wp-json\/wp\/v2\/media\/11426"}],"wp:attachment":[{"href":"https:\/\/tvc16.com\/portal\/wp-json\/wp\/v2\/media?parent=11425"}],"wp:term":[{"taxonomy":"category","embeddable":true,"href":"https:\/\/tvc16.com\/portal\/wp-json\/wp\/v2\/categories?post=11425"},{"taxonomy":"post_tag","embeddable":true,"href":"https:\/\/tvc16.com\/portal\/wp-json\/wp\/v2\/tags?post=11425"}],"curies":[{"name":"wp","href":"https:\/\/api.w.org\/{rel}","templated":true}]}}