{"id":11431,"date":"2021-03-16T12:07:15","date_gmt":"2021-03-16T15:07:15","guid":{"rendered":"https:\/\/tvc16.com\/portal\/?p=11431"},"modified":"2021-03-16T12:07:19","modified_gmt":"2021-03-16T15:07:19","slug":"governo-dispensa-licitacao-para-compra-das-vacinas-da-janssen-e-pfizer","status":"publish","type":"post","link":"https:\/\/tvc16.com\/portal\/2021\/03\/16\/governo-dispensa-licitacao-para-compra-das-vacinas-da-janssen-e-pfizer\/","title":{"rendered":"Governo dispensa licita\u00e7\u00e3o para compra das vacinas da Janssen e Pfizer"},"content":{"rendered":"\n<h3 class=\"wp-block-heading\">A medida foi publicada em edi\u00e7\u00e3o extra do Di\u00e1rio Oficial<\/h3>\n\n\n\n<h4 class=\"wp-block-heading\">Por Pedro Peduzzi &#8211; Rep\u00f3rter da Ag\u00eancia Brasil &#8211; Bras\u00edlia<\/h4>\n\n\n\n<p>O Minist\u00e9rio da Sa\u00fade publicou, em edi\u00e7\u00e3o extra do&nbsp;<em>Di\u00e1rio Oficial da Uni\u00e3o<\/em>&nbsp;desta segunda-feira (15), dois extratos de dispensa de licita\u00e7\u00e3o para a compra de vacinas contra a covid-19 junto aos laborat\u00f3rios Janssen Pharmaceutica e Pfizer. O valor total a ser usado para a compra das vacinas \u00e9 de quase R$ 8 bilh\u00f5es, sendo R$ 2,139 bilh\u00f5es para a&nbsp;<a href=\"https:\/\/www.in.gov.br\/en\/web\/dou\/-\/extrato-de-dispensa-de-licitacao-n-18\/2021-uasg-250005-308527422\" target=\"_blank\" rel=\"noreferrer noopener\">Janssen<\/a>; e R$ 5,63 bilh\u00f5es para a&nbsp;<a href=\"https:\/\/www.in.gov.br\/en\/web\/dou\/-\/extrato-de-dispensa-de-licitacao-n-19\/2021-uasg-250005-308527500\" target=\"_blank\" rel=\"noreferrer noopener\">Pfizer<\/a>.<img decoding=\"async\" src=\"https:\/\/agenciabrasil.ebc.com.br\/ebc.png?id=1404049&amp;o=node\"><img decoding=\"async\" src=\"https:\/\/agenciabrasil.ebc.com.br\/ebc.gif?id=1404049&amp;o=node\"><\/p>\n\n\n\n<p>No dia 12, a Organiza\u00e7\u00e3o Mundial da Sa\u00fade (OMS) aprovou, em car\u00e1ter emergencial, a produ\u00e7\u00e3o da vacina Janssen, de dose \u00fanica, da farmac\u00eautica norte-americana Johnson &amp; Johnson, para uso contra a covid-19.<\/p>\n\n\n\n<p>As duas vacinas anteriores aprovadas pela OMS \u2013 a Pfizer\/BioNTech e AstraZeneca\/Oxford \u2013 requerem duas doses para completar o ciclo de imuniza\u00e7\u00e3o da popula\u00e7\u00e3o, sendo que a Pfizer precisa ser armazenada a temperaturas ultrageladas.&nbsp; A vacina Janssen pode ser guardada em geladeira comum.<\/p>\n\n\n\n<p>Edi\u00e7\u00e3o: Val\u00e9ria Aguiar<\/p>\n","protected":false},"excerpt":{"rendered":"<p>A medida foi publicada em edi\u00e7\u00e3o extra do Di\u00e1rio Oficial Por Pedro Peduzzi &#8211; Rep\u00f3rter<\/p>\n","protected":false},"author":2,"featured_media":11432,"comment_status":"open","ping_status":"open","sticky":false,"template":"","format":"standard","meta":{"footnotes":""},"categories":[17],"tags":[],"class_list":["post-11431","post","type-post","status-publish","format-standard","has-post-thumbnail","hentry","category-outras-noticias"],"_links":{"self":[{"href":"https:\/\/tvc16.com\/portal\/wp-json\/wp\/v2\/posts\/11431","targetHints":{"allow":["GET"]}}],"collection":[{"href":"https:\/\/tvc16.com\/portal\/wp-json\/wp\/v2\/posts"}],"about":[{"href":"https:\/\/tvc16.com\/portal\/wp-json\/wp\/v2\/types\/post"}],"author":[{"embeddable":true,"href":"https:\/\/tvc16.com\/portal\/wp-json\/wp\/v2\/users\/2"}],"replies":[{"embeddable":true,"href":"https:\/\/tvc16.com\/portal\/wp-json\/wp\/v2\/comments?post=11431"}],"version-history":[{"count":1,"href":"https:\/\/tvc16.com\/portal\/wp-json\/wp\/v2\/posts\/11431\/revisions"}],"predecessor-version":[{"id":11433,"href":"https:\/\/tvc16.com\/portal\/wp-json\/wp\/v2\/posts\/11431\/revisions\/11433"}],"wp:featuredmedia":[{"embeddable":true,"href":"https:\/\/tvc16.com\/portal\/wp-json\/wp\/v2\/media\/11432"}],"wp:attachment":[{"href":"https:\/\/tvc16.com\/portal\/wp-json\/wp\/v2\/media?parent=11431"}],"wp:term":[{"taxonomy":"category","embeddable":true,"href":"https:\/\/tvc16.com\/portal\/wp-json\/wp\/v2\/categories?post=11431"},{"taxonomy":"post_tag","embeddable":true,"href":"https:\/\/tvc16.com\/portal\/wp-json\/wp\/v2\/tags?post=11431"}],"curies":[{"name":"wp","href":"https:\/\/api.w.org\/{rel}","templated":true}]}}