{"id":11434,"date":"2021-03-16T12:08:30","date_gmt":"2021-03-16T15:08:30","guid":{"rendered":"https:\/\/tvc16.com\/portal\/?p=11434"},"modified":"2021-03-16T12:08:32","modified_gmt":"2021-03-16T15:08:32","slug":"prefeitura-do-rio-adia-retorno-as-aulas-de-alunos-acima-de-8-anos","status":"publish","type":"post","link":"https:\/\/tvc16.com\/portal\/2021\/03\/16\/prefeitura-do-rio-adia-retorno-as-aulas-de-alunos-acima-de-8-anos\/","title":{"rendered":"Prefeitura do Rio adia retorno \u00e0s aulas de alunos acima de 8 anos"},"content":{"rendered":"\n<h3 class=\"wp-block-heading\">Retorno estava marcado para amanh\u00e3, mas foi adiado por 15 dias<\/h3>\n\n\n\n<h4 class=\"wp-block-heading\">Por Vitor Abdala &#8211; Rep\u00f3rter da Ag\u00eancia Brasil &#8211; Rio de Janeiro<\/h4>\n\n\n\n<p>O munic\u00edpio do Rio de Janeiro decidiu adiar o retorno do ensino presencial em sua rede de educa\u00e7\u00e3o para o 3\u00ba, 4\u00ba, 5\u00ba e 9\u00ba anos do ensino fundamental, al\u00e9m do 6\u00ba ano Carioca, que inclui alunos acima de 8 anos de idade. A volta \u00e0s aulas dessas s\u00e9ries estava prevista amanh\u00e3 (17) e foi adiada por duas semanas.<img decoding=\"async\" src=\"https:\/\/agenciabrasil.ebc.com.br\/ebc.png?id=1404056&amp;o=node\"><img decoding=\"async\" src=\"https:\/\/agenciabrasil.ebc.com.br\/ebc.gif?id=1404056&amp;o=node\"><\/p>\n\n\n\n<p>Assim, as aulas presenciais continuam apenas para a pr\u00e9-escola e 1\u00ba e 2\u00ba anos do ensino fundamental, ou seja, para alunos com idade entre 4 e 8 anos. Ao todo, 271 escolas que oferecem atendimento para esses segmentos est\u00e3o abertas. Amanh\u00e3 ser\u00e3o abertas mais 149 escolas, para essas s\u00e9ries.<\/p>\n\n\n\n<p>A aula presencial \u00e9 opcional. Os alunos que optarem por n\u00e3o ir \u00e0 escola e aqueles cujas aulas presenciais ainda n\u00e3o foram retomadas podem conferir os conte\u00fados pelo aplicativo Rioeduca em casa e pelo&nbsp;<a href=\"http:\/\/multirio.rio.rj.gov.br\/index.php\/assista\/rioeduca-na-tv\" target=\"_blank\" rel=\"noreferrer noopener\">Rioeduca na TV<\/a>, que vai ao ar pela TV Escola (canal aberto 2.3), NET\/Claro (canal 15), Claro TV (canal 8), Oi TV (canal 25), Sky (canal 21) e Vivo (canal 7), ou&nbsp;<a href=\"http:\/\/www.youtube.com\/multiriosme\" target=\"_blank\" rel=\"noreferrer noopener\">pelo YouTube<\/a>.<\/p>\n\n\n\n<p>Edi\u00e7\u00e3o: Denise Griesinger<\/p>\n","protected":false},"excerpt":{"rendered":"<p>Retorno estava marcado para amanh\u00e3, mas foi adiado por 15 dias Por Vitor Abdala &#8211;<\/p>\n","protected":false},"author":2,"featured_media":11435,"comment_status":"open","ping_status":"open","sticky":false,"template":"","format":"standard","meta":{"footnotes":""},"categories":[17],"tags":[],"class_list":["post-11434","post","type-post","status-publish","format-standard","has-post-thumbnail","hentry","category-outras-noticias"],"_links":{"self":[{"href":"https:\/\/tvc16.com\/portal\/wp-json\/wp\/v2\/posts\/11434","targetHints":{"allow":["GET"]}}],"collection":[{"href":"https:\/\/tvc16.com\/portal\/wp-json\/wp\/v2\/posts"}],"about":[{"href":"https:\/\/tvc16.com\/portal\/wp-json\/wp\/v2\/types\/post"}],"author":[{"embeddable":true,"href":"https:\/\/tvc16.com\/portal\/wp-json\/wp\/v2\/users\/2"}],"replies":[{"embeddable":true,"href":"https:\/\/tvc16.com\/portal\/wp-json\/wp\/v2\/comments?post=11434"}],"version-history":[{"count":1,"href":"https:\/\/tvc16.com\/portal\/wp-json\/wp\/v2\/posts\/11434\/revisions"}],"predecessor-version":[{"id":11436,"href":"https:\/\/tvc16.com\/portal\/wp-json\/wp\/v2\/posts\/11434\/revisions\/11436"}],"wp:featuredmedia":[{"embeddable":true,"href":"https:\/\/tvc16.com\/portal\/wp-json\/wp\/v2\/media\/11435"}],"wp:attachment":[{"href":"https:\/\/tvc16.com\/portal\/wp-json\/wp\/v2\/media?parent=11434"}],"wp:term":[{"taxonomy":"category","embeddable":true,"href":"https:\/\/tvc16.com\/portal\/wp-json\/wp\/v2\/categories?post=11434"},{"taxonomy":"post_tag","embeddable":true,"href":"https:\/\/tvc16.com\/portal\/wp-json\/wp\/v2\/tags?post=11434"}],"curies":[{"name":"wp","href":"https:\/\/api.w.org\/{rel}","templated":true}]}}