{"id":11437,"date":"2021-03-16T12:10:26","date_gmt":"2021-03-16T15:10:26","guid":{"rendered":"https:\/\/tvc16.com\/portal\/?p=11437"},"modified":"2021-03-16T12:10:30","modified_gmt":"2021-03-16T15:10:30","slug":"minas-gerais-entra-na-fase-roxa-amanha-para-conter-a-covid-19","status":"publish","type":"post","link":"https:\/\/tvc16.com\/portal\/2021\/03\/16\/minas-gerais-entra-na-fase-roxa-amanha-para-conter-a-covid-19\/","title":{"rendered":"Minas Gerais entra na fase roxa amanh\u00e3 para conter a covid-19"},"content":{"rendered":"\n<h3 class=\"wp-block-heading\">Medida restritiva valer\u00e1 por 15 dias<\/h3>\n\n\n\n<h4 class=\"wp-block-heading\">Por Karine Melo &#8211; Rep\u00f3rter da Ag\u00eancia Brasil &#8211; Bras\u00edlia<\/h4>\n\n\n\n<p>A partir desta quarta-feira (17), todas as regi\u00f5es de Minas Gerais entrar\u00e3o na onda roxa, para conter a expans\u00e3o da covid-19. Em princ\u00edpio, segundo o governador Romeu Zema, a medida ter\u00e1 validade por 15 dias. S\u00f3 poder\u00e3o funcionar os servi\u00e7os essenciais e passa vigorar um toque de recolher entre 20h e 5h, al\u00e9m da implanta\u00e7\u00e3o de barreiras sanit\u00e1rias.&nbsp;<img decoding=\"async\" src=\"https:\/\/agenciabrasil.ebc.com.br\/ebc.png?id=1404054&amp;o=node\"><img decoding=\"async\" src=\"https:\/\/agenciabrasil.ebc.com.br\/ebc.gif?id=1404054&amp;o=node\"><\/p>\n\n\n\n<p>Quem circular pelas ruas estar\u00e1 sujeito \u00e0 fiscaliza\u00e7\u00e3o das for\u00e7as de seguran\u00e7a e precisar\u00e1 justificar o motivo de estar fora de casa. Segundo as regras, nem mesmo encontros de pessoas da mesma fam\u00edlia, que vivem em casas diferentes, ser\u00e3o permitidos.<\/p>\n\n\n\n<p>A decis\u00e3o foi comunicada ap\u00f3s reuni\u00e3o com prefeitos e representantes de cons\u00f3rcios municipais de sa\u00fade, em que foi relatado o agravamento da situa\u00e7\u00e3o em todas as macrorregi\u00f5es do estado. O governador afirmou que a situa\u00e7\u00e3o atual \u00e9 a mais grave desde o in\u00edcio da pandemia. Os hospitais est\u00e3o no limite de leitos dispon\u00edveis e muitas pessoas n\u00e3o respeitam as medidas de isolamento.<\/p>\n\n\n\n<p>A decis\u00e3o de estender a onda roxa para todo o estado foi tomada, segundo Romeu Zema, ap\u00f3s ouvir especialistas em sa\u00fade e o comit\u00ea de enfrentamento do novo coronav\u00edrus sobre a necessidade de adotar medidas mais restritivas e obrigat\u00f3rias.&nbsp;<\/p>\n\n\n\n<p>\u201cCome\u00e7amos a assistir cenas de horror, pessoas clamando por atendimento e n\u00e3o temos vagas nas unidades de sa\u00fade. \u00c9 isso que queremos em Minas? Ver as pessoas morrendo na rua? Tenho certeza que essa n\u00e3o \u00e9 a opini\u00e3o do povo mineiro&#8221;, disse o governador. Acrescentou que a solu\u00e7\u00e3o definitiva para esse cen\u00e1rio \u00e9 a vacina\u00e7\u00e3o que, avaliou, est\u00e1 mais r\u00e1pida, mas ainda \u00e9 insuficiente para garantir a queda na busca por atendimento m\u00e9dico.<\/p>\n\n\n\n<h2 class=\"wp-block-heading\">Compensa\u00e7\u00e3o<\/h2>\n\n\n\n<p>Em entrevista coletiva na manh\u00e3 de hoje, Romeu Zema afirmou que pediu \u00e0 Secretaria de Fazenda que avalie o que \u00e9 poss\u00edvel fazer para compensar as empresas, em especial as micro e pequenas afetadas pelas restri\u00e7\u00f5es da onda roxa do Minas Consciente. &#8220;Da mesma forma que ocorreu em 2020, est\u00e1 previsto, sim, para este momento dif\u00edcil, algum tipo de compensa\u00e7\u00e3o para aquelas pessoas e atividades que vierem a ser afetadas&#8221;, adiantou.<\/p>\n\n\n\n<h2 class=\"wp-block-heading\">Escolas<\/h2>\n\n\n\n<p>Sobre a volta \u00e0s aulas, o governador mineiro afirmou que, em meio ao cen\u00e1rio atual do estado, \u00e9 invi\u00e1vel. &#8220;Volta \u00e0s aulas, com a onda roxa, nem pensar!&#8221;, disse o governador.&nbsp;<\/p>\n\n\n\n<p>As matr\u00edculas presenciais das escolas estaduais ser\u00e3o suspensas a partir de amanh\u00e3. A Secretaria de Estado de Educa\u00e7\u00e3o (SEE) deve estabelecer um novo protocolo para que a matr\u00edcula seja realizada de outra forma.<\/p>\n\n\n\n<h2 class=\"wp-block-heading\">Medidas da Onda Roxa<\/h2>\n\n\n\n<p>Suspens\u00e3o de cirurgias eletivas<\/p>\n\n\n\n<p>Restri\u00e7\u00e3o de circula\u00e7\u00e3o de pessoas (s\u00f3 poder\u00e3o sair de casa para atividades essenciais)<\/p>\n\n\n\n<p>Toque de recolher das 20h \u00e0s 5h e aos finais de semana<\/p>\n\n\n\n<p>Proibi\u00e7\u00e3o de pessoas sem m\u00e1scara em qualquer espa\u00e7o p\u00fablico ou de uso coletivo, ainda que privado<\/p>\n\n\n\n<p>Proibi\u00e7\u00e3o de circula\u00e7\u00e3o de pessoas com sintomas de gripe, a menos que estejam indo para consulta m\u00e9dica<\/p>\n\n\n\n<p>Proibi\u00e7\u00e3o de eventos p\u00fablicos ou privados<\/p>\n\n\n\n<p>Proibi\u00e7\u00e3o de reuni\u00f5es presenciais, inclusive entre parentes que n\u00e3o morem na mesma casa<\/p>\n\n\n\n<p>Implanta\u00e7\u00e3o de barreiras sanit\u00e1rias de vigil\u00e2ncia<\/p>\n\n\n\n<p>Fechamento de bares e restaurantes (funcionamento apenas por&nbsp;<em>delivery<\/em>&nbsp;&#8211; entrega)<\/p>\n\n\n\n<p>Edi\u00e7\u00e3o: Kleber Sampaio<\/p>\n","protected":false},"excerpt":{"rendered":"<p>Medida restritiva valer\u00e1 por 15 dias Por Karine Melo &#8211; Rep\u00f3rter da Ag\u00eancia Brasil &#8211;<\/p>\n","protected":false},"author":2,"featured_media":11438,"comment_status":"open","ping_status":"open","sticky":false,"template":"","format":"standard","meta":{"footnotes":""},"categories":[17],"tags":[],"class_list":["post-11437","post","type-post","status-publish","format-standard","has-post-thumbnail","hentry","category-outras-noticias"],"_links":{"self":[{"href":"https:\/\/tvc16.com\/portal\/wp-json\/wp\/v2\/posts\/11437","targetHints":{"allow":["GET"]}}],"collection":[{"href":"https:\/\/tvc16.com\/portal\/wp-json\/wp\/v2\/posts"}],"about":[{"href":"https:\/\/tvc16.com\/portal\/wp-json\/wp\/v2\/types\/post"}],"author":[{"embeddable":true,"href":"https:\/\/tvc16.com\/portal\/wp-json\/wp\/v2\/users\/2"}],"replies":[{"embeddable":true,"href":"https:\/\/tvc16.com\/portal\/wp-json\/wp\/v2\/comments?post=11437"}],"version-history":[{"count":1,"href":"https:\/\/tvc16.com\/portal\/wp-json\/wp\/v2\/posts\/11437\/revisions"}],"predecessor-version":[{"id":11439,"href":"https:\/\/tvc16.com\/portal\/wp-json\/wp\/v2\/posts\/11437\/revisions\/11439"}],"wp:featuredmedia":[{"embeddable":true,"href":"https:\/\/tvc16.com\/portal\/wp-json\/wp\/v2\/media\/11438"}],"wp:attachment":[{"href":"https:\/\/tvc16.com\/portal\/wp-json\/wp\/v2\/media?parent=11437"}],"wp:term":[{"taxonomy":"category","embeddable":true,"href":"https:\/\/tvc16.com\/portal\/wp-json\/wp\/v2\/categories?post=11437"},{"taxonomy":"post_tag","embeddable":true,"href":"https:\/\/tvc16.com\/portal\/wp-json\/wp\/v2\/tags?post=11437"}],"curies":[{"name":"wp","href":"https:\/\/api.w.org\/{rel}","templated":true}]}}