{"id":11443,"date":"2021-03-18T17:22:29","date_gmt":"2021-03-18T20:22:29","guid":{"rendered":"https:\/\/tvc16.com\/portal\/?p=11443"},"modified":"2021-03-18T17:23:20","modified_gmt":"2021-03-18T20:23:20","slug":"prefeito-interino-hingo-hammes-participa-de-reuniao-com-prefeitos-de-teresopolis-e-nova-friburgo","status":"publish","type":"post","link":"https:\/\/tvc16.com\/portal\/2021\/03\/18\/prefeito-interino-hingo-hammes-participa-de-reuniao-com-prefeitos-de-teresopolis-e-nova-friburgo\/","title":{"rendered":"Prefeito interino Hingo Hammes participa de reuni\u00e3o com prefeitos de Teres\u00f3polis e Nova Friburgo"},"content":{"rendered":"\n<p>O prefeito interino Hingo Hammes esteve no domingo (16.03) com o prefeito de Teres\u00f3polis, Vinicius Claussen, e de Nova Friburgo, Johnny Maycon, para discutir a\u00e7\u00f5es conjuntas para a Regi\u00e3o Serrana no enfrentamento \u00e0 covid-19 nesses munic\u00edpios. A reuni\u00e3o aconteceu na sede da prefeitura de Teres\u00f3polis.<\/p>\n\n\n\n<p>Os tr\u00eas mandat\u00e1rios participaram de uma videoconfer\u00eancia com o governador em exerc\u00edcio, Claudio Castro, sobre as medidas que o governo estadual pode tomar para auxiliar as cidades da regi\u00e3o. O pedido dos prefeitos foi de que o Estado possa custear, al\u00e9m de leitos de UTI, leitos cl\u00ednicos para pacientes com sintomas da doen\u00e7a, al\u00e9m de auxiliar as cidades com a quest\u00e3o do recurso humano para a abertura de novos espa\u00e7os dedicados ao tratamento de casos de covid-19.<\/p>\n\n\n\n<p>\u201cOs tr\u00eas munic\u00edpios vivem uma situa\u00e7\u00e3o delicada em rela\u00e7\u00e3o \u00e0 pandemia. O momento exige uni\u00e3o de for\u00e7as. Temos que ter integra\u00e7\u00e3o para que a Regi\u00e3o Serrana como um todo n\u00e3o seja ainda mais afetada pela pandemia\u201d, disse Hingo Hammes.<\/p>\n\n\n\n<p>O prefeito interino tamb\u00e9m fez um apelo \u00e0 popula\u00e7\u00e3o para que as medidas restritivas em vigor sejam respeitadas e uma maior conscientiza\u00e7\u00e3o da gravidade do momento atual.<\/p>\n\n\n\n<p>\u201cPe\u00e7o, mais uma vez, que redobrem os cuidados, usem m\u00e1scara e higienizem as m\u00e3os. Temos que aumentar o grau de vigil\u00e2ncia e, para diminuirmos o n\u00famero de casos de covid na cidade\u201d, aponta Hammes.<\/p>\n","protected":false},"excerpt":{"rendered":"<p>O prefeito interino Hingo Hammes esteve no domingo (16.03) com o prefeito de Teres\u00f3polis, Vinicius<\/p>\n","protected":false},"author":2,"featured_media":11444,"comment_status":"open","ping_status":"open","sticky":false,"template":"","format":"standard","meta":{"footnotes":""},"categories":[12],"tags":[],"class_list":["post-11443","post","type-post","status-publish","format-standard","has-post-thumbnail","hentry","category-cidade"],"_links":{"self":[{"href":"https:\/\/tvc16.com\/portal\/wp-json\/wp\/v2\/posts\/11443","targetHints":{"allow":["GET"]}}],"collection":[{"href":"https:\/\/tvc16.com\/portal\/wp-json\/wp\/v2\/posts"}],"about":[{"href":"https:\/\/tvc16.com\/portal\/wp-json\/wp\/v2\/types\/post"}],"author":[{"embeddable":true,"href":"https:\/\/tvc16.com\/portal\/wp-json\/wp\/v2\/users\/2"}],"replies":[{"embeddable":true,"href":"https:\/\/tvc16.com\/portal\/wp-json\/wp\/v2\/comments?post=11443"}],"version-history":[{"count":2,"href":"https:\/\/tvc16.com\/portal\/wp-json\/wp\/v2\/posts\/11443\/revisions"}],"predecessor-version":[{"id":11446,"href":"https:\/\/tvc16.com\/portal\/wp-json\/wp\/v2\/posts\/11443\/revisions\/11446"}],"wp:featuredmedia":[{"embeddable":true,"href":"https:\/\/tvc16.com\/portal\/wp-json\/wp\/v2\/media\/11444"}],"wp:attachment":[{"href":"https:\/\/tvc16.com\/portal\/wp-json\/wp\/v2\/media?parent=11443"}],"wp:term":[{"taxonomy":"category","embeddable":true,"href":"https:\/\/tvc16.com\/portal\/wp-json\/wp\/v2\/categories?post=11443"},{"taxonomy":"post_tag","embeddable":true,"href":"https:\/\/tvc16.com\/portal\/wp-json\/wp\/v2\/tags?post=11443"}],"curies":[{"name":"wp","href":"https:\/\/api.w.org\/{rel}","templated":true}]}}