{"id":11447,"date":"2021-03-18T17:24:57","date_gmt":"2021-03-18T20:24:57","guid":{"rendered":"https:\/\/tvc16.com\/portal\/?p=11447"},"modified":"2021-03-18T17:24:59","modified_gmt":"2021-03-18T20:24:59","slug":"mais-de-800-pessoas-foram-vacinadas-na-quarta-feira-17","status":"publish","type":"post","link":"https:\/\/tvc16.com\/portal\/2021\/03\/18\/mais-de-800-pessoas-foram-vacinadas-na-quarta-feira-17\/","title":{"rendered":"Mais de 800 pessoas foram vacinadas na quarta-feira (17)"},"content":{"rendered":"\n<p>As equipes de enfermagem, sob coordena\u00e7\u00e3o do departamento de Vigil\u00e2ncia em Sa\u00fade, deram sequ\u00eancia na quarta (17.03), a vacina\u00e7\u00e3o contra a Covid-19. Durante todo o dia, 831 pessoas foram vacinadas na cidade, destas 93 receberam a segunda dose. At\u00e9 o momento 16.750 pessoas receberam a primeira dose e outras 6.159 receberam a segunda dose do imunizante.<\/p>\n\n\n\n<p><br>Nos pontos de drive thru do Centro e de Itaipava, 673 idosos foram vacinados, sendo 612 recebendo a primeira dose e 61 a segunda dose. Em paralelo, equipes do Servi\u00e7o de Atendimento Domiciliar (SAD) vacinaram 47 pessoas, destas 30 receberam a segunda dose da vacina. Tamb\u00e9m foram vacinados 111 trabalhadores na sa\u00fade, destes 109 receberam a primeira dose.<\/p>\n\n\n\n<p><br>A vacina\u00e7\u00e3o de idosos com mais de 79 anos seguir\u00e1 sendo realizada na quinta-feira (18.03) no campus da Universidade Cat\u00f3lica de Petr\u00f3polis (UCP) na Rua Benjamin Constant \u2013 Centro e no Parque Municipal, em Itaipava, na UCP do Bingen, e nas UBSs do Quitandinha, do Itamarati e do Morin.<\/p>\n\n\n\n<p><br>Para receber a vacina, idosos devem estar cadastrados no site da prefeitura. (www.petropolis.rj.gov.br). Importante destacar que nos pontos de drive thru, idosos que chegam \u00e0 p\u00e9 tamb\u00e9m s\u00e3o vacinados. A vacina\u00e7\u00e3o para este p\u00fablico, tamb\u00e9m acontece de segunda a sexta-feira nas Unidades B\u00e1sicas de Sa\u00fade do Quitandinha, do Itamarati e do Morin. A vacina\u00e7\u00e3o em todos os pontos \u00e9 feita sempre das 9h \u00e0s 16h. Pacientes acamados tamb\u00e9m continuam sendo vacinados.<\/p>\n\n\n\n<p><br>A Prefeitura mant\u00e9m ainda um atendimento via whatsapp para esclarecer d\u00favidas da popula\u00e7\u00e3o sobre a vacina\u00e7\u00e3o contra a Covid-19. Nestes casos, as mensagens devem ser enviadas ao n\u00famero: (24) 99946-1161.<\/p>\n","protected":false},"excerpt":{"rendered":"<p>As equipes de enfermagem, sob coordena\u00e7\u00e3o do departamento de Vigil\u00e2ncia em Sa\u00fade, deram sequ\u00eancia na<\/p>\n","protected":false},"author":2,"featured_media":11448,"comment_status":"open","ping_status":"open","sticky":false,"template":"","format":"standard","meta":{"footnotes":""},"categories":[12],"tags":[],"class_list":["post-11447","post","type-post","status-publish","format-standard","has-post-thumbnail","hentry","category-cidade"],"_links":{"self":[{"href":"https:\/\/tvc16.com\/portal\/wp-json\/wp\/v2\/posts\/11447","targetHints":{"allow":["GET"]}}],"collection":[{"href":"https:\/\/tvc16.com\/portal\/wp-json\/wp\/v2\/posts"}],"about":[{"href":"https:\/\/tvc16.com\/portal\/wp-json\/wp\/v2\/types\/post"}],"author":[{"embeddable":true,"href":"https:\/\/tvc16.com\/portal\/wp-json\/wp\/v2\/users\/2"}],"replies":[{"embeddable":true,"href":"https:\/\/tvc16.com\/portal\/wp-json\/wp\/v2\/comments?post=11447"}],"version-history":[{"count":1,"href":"https:\/\/tvc16.com\/portal\/wp-json\/wp\/v2\/posts\/11447\/revisions"}],"predecessor-version":[{"id":11449,"href":"https:\/\/tvc16.com\/portal\/wp-json\/wp\/v2\/posts\/11447\/revisions\/11449"}],"wp:featuredmedia":[{"embeddable":true,"href":"https:\/\/tvc16.com\/portal\/wp-json\/wp\/v2\/media\/11448"}],"wp:attachment":[{"href":"https:\/\/tvc16.com\/portal\/wp-json\/wp\/v2\/media?parent=11447"}],"wp:term":[{"taxonomy":"category","embeddable":true,"href":"https:\/\/tvc16.com\/portal\/wp-json\/wp\/v2\/categories?post=11447"},{"taxonomy":"post_tag","embeddable":true,"href":"https:\/\/tvc16.com\/portal\/wp-json\/wp\/v2\/tags?post=11447"}],"curies":[{"name":"wp","href":"https:\/\/api.w.org\/{rel}","templated":true}]}}