{"id":1145,"date":"2020-09-24T15:55:48","date_gmt":"2020-09-24T15:55:48","guid":{"rendered":"https:\/\/tvc16.com\/portal\/?p=1145"},"modified":"2020-09-24T15:55:48","modified_gmt":"2020-09-24T15:55:48","slug":"pf-faz-operacao-contra-desvio-de-verbas-do-sus-no-rio","status":"publish","type":"post","link":"https:\/\/tvc16.com\/portal\/2020\/09\/24\/pf-faz-operacao-contra-desvio-de-verbas-do-sus-no-rio\/","title":{"rendered":"PF faz opera\u00e7\u00e3o contra desvio de verbas do SUS no Rio"},"content":{"rendered":"\n<p>Suspeitos teriam desviado R$ 9 milh\u00f5es do SUS<\/p>\n\n\n\n<p>A Pol\u00edcia Federal (PF) cumpre hoje (24) dois mandados de pris\u00e3o tempor\u00e1ria e sete mandados de busca e apreens\u00e3o contra suspeitos de desviar R$ 9 milh\u00f5es em recursos p\u00fablicos do Sistema \u00danico de Sa\u00fade (SUS) no Rio de Janeiro.&nbsp;<img decoding=\"async\" src=\"https:\/\/agenciabrasil.ebc.com.br\/ebc.png?id=1388807&amp;o=node\"><img decoding=\"async\" src=\"https:\/\/agenciabrasil.ebc.com.br\/ebc.gif?id=1388807&amp;o=node\"><\/p>\n\n\n\n<p>De acordo com a PF, investiga\u00e7\u00f5es iniciadas em junho deste ano encontraram ind\u00edcios de fraudes na contrata\u00e7\u00e3o de um laborat\u00f3rio no munic\u00edpio de Mag\u00e9, na regi\u00e3o metropolitana do Rio.<\/p>\n\n\n\n<p>Ainda segundo a Pol\u00edcia Federal, foram identificadas irregularidades no processo de contrata\u00e7\u00e3o do laborat\u00f3rio, como o direcionamento da escolha de empresa espec\u00edfica, fraudes no processo de chamamento p\u00fablico e na execu\u00e7\u00e3o do contrato.<\/p>\n\n\n\n<p>A investiga\u00e7\u00e3o encontrou ind\u00edcios da participa\u00e7\u00e3o de pessoas ligadas \u00e0 Secretaria Municipal de Sa\u00fade de Mag\u00e9 e de um vereador do munic\u00edpio, que seria o propriet\u00e1rio do laborat\u00f3rio beneficiado no esquema.<\/p>\n\n\n\n<p>Vitor Abdala &#8211; Rep\u00f3rter da Ag\u00eancia Brasil &#8211; Rio de Janeiro<\/p>\n\n\n\n<p>Edi\u00e7\u00e3o: Kleber Sampaio<\/p>\n","protected":false},"excerpt":{"rendered":"<p>Suspeitos teriam desviado R$ 9 milh\u00f5es do SUS A Pol\u00edcia Federal (PF) cumpre hoje (24)<\/p>\n","protected":false},"author":2,"featured_media":1146,"comment_status":"open","ping_status":"open","sticky":false,"template":"","format":"standard","meta":{"footnotes":""},"categories":[13],"tags":[],"class_list":["post-1145","post","type-post","status-publish","format-standard","has-post-thumbnail","hentry","category-saude"],"_links":{"self":[{"href":"https:\/\/tvc16.com\/portal\/wp-json\/wp\/v2\/posts\/1145","targetHints":{"allow":["GET"]}}],"collection":[{"href":"https:\/\/tvc16.com\/portal\/wp-json\/wp\/v2\/posts"}],"about":[{"href":"https:\/\/tvc16.com\/portal\/wp-json\/wp\/v2\/types\/post"}],"author":[{"embeddable":true,"href":"https:\/\/tvc16.com\/portal\/wp-json\/wp\/v2\/users\/2"}],"replies":[{"embeddable":true,"href":"https:\/\/tvc16.com\/portal\/wp-json\/wp\/v2\/comments?post=1145"}],"version-history":[{"count":1,"href":"https:\/\/tvc16.com\/portal\/wp-json\/wp\/v2\/posts\/1145\/revisions"}],"predecessor-version":[{"id":1147,"href":"https:\/\/tvc16.com\/portal\/wp-json\/wp\/v2\/posts\/1145\/revisions\/1147"}],"wp:featuredmedia":[{"embeddable":true,"href":"https:\/\/tvc16.com\/portal\/wp-json\/wp\/v2\/media\/1146"}],"wp:attachment":[{"href":"https:\/\/tvc16.com\/portal\/wp-json\/wp\/v2\/media?parent=1145"}],"wp:term":[{"taxonomy":"category","embeddable":true,"href":"https:\/\/tvc16.com\/portal\/wp-json\/wp\/v2\/categories?post=1145"},{"taxonomy":"post_tag","embeddable":true,"href":"https:\/\/tvc16.com\/portal\/wp-json\/wp\/v2\/tags?post=1145"}],"curies":[{"name":"wp","href":"https:\/\/api.w.org\/{rel}","templated":true}]}}