{"id":11450,"date":"2021-03-18T17:25:42","date_gmt":"2021-03-18T20:25:42","guid":{"rendered":"https:\/\/tvc16.com\/portal\/?p=11450"},"modified":"2021-03-18T17:32:21","modified_gmt":"2021-03-18T20:32:21","slug":"secretario-de-turismo-de-miguel-pereira-vem-a-petropolis-em-busca-de-suporte-para-o-turismo-local","status":"publish","type":"post","link":"https:\/\/tvc16.com\/portal\/2021\/03\/18\/secretario-de-turismo-de-miguel-pereira-vem-a-petropolis-em-busca-de-suporte-para-o-turismo-local\/","title":{"rendered":"Secret\u00e1rio de Turismo de Miguel Pereira vem a Petr\u00f3polis em busca de suporte para o turismo local"},"content":{"rendered":"\n<p>O secret\u00e1rio de Turismo, Samir El Ghaoui, se reuniu nesta quarta-feira (17) com o Secret\u00e1rio de Turismo, Desenvolvimento Econ\u00f4mico, Ind\u00fastria e Com\u00e9rcio de Miguel Pereira, Alessandro Fonseca, em busca de informa\u00e7\u00f5es sobre a\u00e7\u00f5es do destino tur\u00edstico de Petr\u00f3polis que possam servir de suporte para o desenvolvimento do Turismo em Miguel Pereira. Participaram da reuni\u00e3o a Diretora de Turismo Evany Noel e o Assessor Especial da Turispetro, Rog\u00e9rio Elmor.<\/p>\n\n\n\n<p><br>\u201cEssa troca de informa\u00e7\u00f5es entre as cidades \u00e9 muito importante, e contribui muito com o desenvolvimento tur\u00edstico das duas regi\u00f5es. Tenho certeza que o secret\u00e1rio levou refer\u00eancias muito positivas sobre a\u00e7\u00f5es que j\u00e1 foram efetivadas e outras que ser\u00e3o desenvolvidas em Petr\u00f3polis no p\u00f3s-pandemia \u201d, disse o secret\u00e1rio Samir El Ghaoui.<\/p>\n\n\n\n<p><br>O secret\u00e1rio da cidade fluminense do Vale do Caf\u00e9 veio em busca de informa\u00e7\u00f5es sobre a implanta\u00e7\u00e3o de viaturas tur\u00edsticas em Petr\u00f3polis, sobre a\u00e7\u00f5es implementadas de sensibiliza\u00e7\u00e3o e capacita\u00e7\u00e3o tur\u00edstica, implanta\u00e7\u00e3o de circuitos tur\u00edsticos, Turismo e Hist\u00f3ria nas escolas municipais para elevar o sentimento de pertencimento, feiras de artesanato, entre outros temas.<\/p>\n\n\n\n<p><br>Assim como Petr\u00f3polis, que j\u00e1 faz parte da rota cervejeira do interior do Estado do Rio, Miguel Pereira vem tentando implementar sua rota de cerveja artesanal. Al\u00e9m disso, o turismo local passa pela planta\u00e7\u00e3o de flores e artesanato. A cidade est\u00e1 implantando tamb\u00e9m uma Maria Fuma\u00e7a e um parque tem\u00e1tico com dinossauros.<\/p>\n\n\n\n<p><\/p>\n\n\n\n<p><\/p>\n\n\n\n<p><br><\/p>\n\n\n\n<p><br><\/p>\n\n\n\n<p><\/p>\n","protected":false},"excerpt":{"rendered":"<p>O secret\u00e1rio de Turismo, Samir El Ghaoui, se reuniu nesta quarta-feira (17) com o Secret\u00e1rio<\/p>\n","protected":false},"author":2,"featured_media":11451,"comment_status":"open","ping_status":"open","sticky":false,"template":"","format":"standard","meta":{"footnotes":""},"categories":[12],"tags":[],"class_list":["post-11450","post","type-post","status-publish","format-standard","has-post-thumbnail","hentry","category-cidade"],"_links":{"self":[{"href":"https:\/\/tvc16.com\/portal\/wp-json\/wp\/v2\/posts\/11450","targetHints":{"allow":["GET"]}}],"collection":[{"href":"https:\/\/tvc16.com\/portal\/wp-json\/wp\/v2\/posts"}],"about":[{"href":"https:\/\/tvc16.com\/portal\/wp-json\/wp\/v2\/types\/post"}],"author":[{"embeddable":true,"href":"https:\/\/tvc16.com\/portal\/wp-json\/wp\/v2\/users\/2"}],"replies":[{"embeddable":true,"href":"https:\/\/tvc16.com\/portal\/wp-json\/wp\/v2\/comments?post=11450"}],"version-history":[{"count":2,"href":"https:\/\/tvc16.com\/portal\/wp-json\/wp\/v2\/posts\/11450\/revisions"}],"predecessor-version":[{"id":11456,"href":"https:\/\/tvc16.com\/portal\/wp-json\/wp\/v2\/posts\/11450\/revisions\/11456"}],"wp:featuredmedia":[{"embeddable":true,"href":"https:\/\/tvc16.com\/portal\/wp-json\/wp\/v2\/media\/11451"}],"wp:attachment":[{"href":"https:\/\/tvc16.com\/portal\/wp-json\/wp\/v2\/media?parent=11450"}],"wp:term":[{"taxonomy":"category","embeddable":true,"href":"https:\/\/tvc16.com\/portal\/wp-json\/wp\/v2\/categories?post=11450"},{"taxonomy":"post_tag","embeddable":true,"href":"https:\/\/tvc16.com\/portal\/wp-json\/wp\/v2\/tags?post=11450"}],"curies":[{"name":"wp","href":"https:\/\/api.w.org\/{rel}","templated":true}]}}