{"id":11453,"date":"2021-03-18T17:31:35","date_gmt":"2021-03-18T20:31:35","guid":{"rendered":"https:\/\/tvc16.com\/portal\/?p=11453"},"modified":"2021-03-18T17:31:37","modified_gmt":"2021-03-18T20:31:37","slug":"prefeitura-vai-a-justica-para-garantir-operacao-de-100-da-frota-de-onibus","status":"publish","type":"post","link":"https:\/\/tvc16.com\/portal\/2021\/03\/18\/prefeitura-vai-a-justica-para-garantir-operacao-de-100-da-frota-de-onibus\/","title":{"rendered":"Prefeitura vai \u00e0 Justi\u00e7a para garantir opera\u00e7\u00e3o de 100% da frota de \u00f4nibus"},"content":{"rendered":"\n<p>Ap\u00f3s sucessivas tentativas de negocia\u00e7\u00e3o, a Prefeitura de Petr\u00f3polis, por meio da Procuradoria Geral do Munic\u00edpio, entrou nesta quarta-feira (17) com medida judicial cobrando das empresas de \u00f4nibus o imediato retorno da opera\u00e7\u00e3o de 100% da frota. A medida tem como objetivo garantir maior oferta de \u00f4nibus \u00e0 popula\u00e7\u00e3o, evitando aglomera\u00e7\u00f5es dentro dos coletivos e tamb\u00e9m nos pontos de embarque e desembarque.<\/p>\n\n\n\n<p><br>\u201cO transporte p\u00fablico \u00e9 um servi\u00e7o essencial, ainda mais neste momento de pandemia. A discuss\u00e3o sobre a opera\u00e7\u00e3o foi judicializada no ano passado e v\u00ednhamos dialogando com as empresas para garantir uma oferta maior de viagens e de \u00f4nibus. Chegamos a conseguir a retomada de alguns hor\u00e1rios de pico, mas precisamos tamb\u00e9m do aumento da frota. L\u00e1 atr\u00e1s, quando houve a redu\u00e7\u00e3o da frota nas ruas, com\u00e9rcio e v\u00e1rios outros segmentos econ\u00f4micos estavam fechados, mas tudo foi reaberto e a opera\u00e7\u00e3o n\u00e3o foi normalizada. Precisamos que as empresas aumentem a oferta de \u00f4nibus, preservando a sa\u00fade da popula\u00e7\u00e3o\u201d, frisou o prefeito interino Hingo Hammes.<\/p>\n\n\n\n<p><br>O procurador geral do munic\u00edpio, F\u00e1bio Alves, frisou que o momento \u00e9 de uni\u00e3o de for\u00e7as. \u201cA discuss\u00e3o sobre o transporte p\u00fablico na pandemia n\u00e3o \u00e9 nova. As empresas alegam na justi\u00e7a desequil\u00edbrio financeiro, para justificar a impossibilidade de voltar a operar com 100% da frota. Isso desde o ano passado. O que estamos fazendo agora \u00e9 pedir que a justi\u00e7a reconhe\u00e7a a necessidade da popula\u00e7\u00e3o e determine a volta a opera\u00e7\u00e3o. Neste momento precisamos de mais coletivos para atender a demanda, reduzindo o risco de contamina\u00e7\u00e3o\u201d, finalizou o Procurador Geral do Munic\u00edpio, F\u00e1bio Alves.<br>NOVAS MEDIDAS \u2013 Ainda nesta semana o governo municipal deve anunciar novas medidas para tentar desacelerar a taxa de cont\u00e1gio da Covid-19.<\/p>\n","protected":false},"excerpt":{"rendered":"<p>Ap\u00f3s sucessivas tentativas de negocia\u00e7\u00e3o, a Prefeitura de Petr\u00f3polis, por meio da Procuradoria Geral do<\/p>\n","protected":false},"author":2,"featured_media":11454,"comment_status":"open","ping_status":"open","sticky":false,"template":"","format":"standard","meta":{"footnotes":""},"categories":[12],"tags":[],"class_list":["post-11453","post","type-post","status-publish","format-standard","has-post-thumbnail","hentry","category-cidade"],"_links":{"self":[{"href":"https:\/\/tvc16.com\/portal\/wp-json\/wp\/v2\/posts\/11453","targetHints":{"allow":["GET"]}}],"collection":[{"href":"https:\/\/tvc16.com\/portal\/wp-json\/wp\/v2\/posts"}],"about":[{"href":"https:\/\/tvc16.com\/portal\/wp-json\/wp\/v2\/types\/post"}],"author":[{"embeddable":true,"href":"https:\/\/tvc16.com\/portal\/wp-json\/wp\/v2\/users\/2"}],"replies":[{"embeddable":true,"href":"https:\/\/tvc16.com\/portal\/wp-json\/wp\/v2\/comments?post=11453"}],"version-history":[{"count":1,"href":"https:\/\/tvc16.com\/portal\/wp-json\/wp\/v2\/posts\/11453\/revisions"}],"predecessor-version":[{"id":11455,"href":"https:\/\/tvc16.com\/portal\/wp-json\/wp\/v2\/posts\/11453\/revisions\/11455"}],"wp:featuredmedia":[{"embeddable":true,"href":"https:\/\/tvc16.com\/portal\/wp-json\/wp\/v2\/media\/11454"}],"wp:attachment":[{"href":"https:\/\/tvc16.com\/portal\/wp-json\/wp\/v2\/media?parent=11453"}],"wp:term":[{"taxonomy":"category","embeddable":true,"href":"https:\/\/tvc16.com\/portal\/wp-json\/wp\/v2\/categories?post=11453"},{"taxonomy":"post_tag","embeddable":true,"href":"https:\/\/tvc16.com\/portal\/wp-json\/wp\/v2\/tags?post=11453"}],"curies":[{"name":"wp","href":"https:\/\/api.w.org\/{rel}","templated":true}]}}