{"id":11457,"date":"2021-03-18T17:39:43","date_gmt":"2021-03-18T20:39:43","guid":{"rendered":"https:\/\/tvc16.com\/portal\/?p=11457"},"modified":"2021-03-18T17:39:45","modified_gmt":"2021-03-18T20:39:45","slug":"fiscais-orientam-comercio-na-posse-sobre-o-cumprimento-das-novas-medidas-de-restricao","status":"publish","type":"post","link":"https:\/\/tvc16.com\/portal\/2021\/03\/18\/fiscais-orientam-comercio-na-posse-sobre-o-cumprimento-das-novas-medidas-de-restricao\/","title":{"rendered":"Fiscais orientam com\u00e9rcio na Posse sobre o cumprimento das novas medidas de restri\u00e7\u00e3o"},"content":{"rendered":"\n<p>Equipes da Fiscaliza\u00e7\u00e3o de Posturas e da Guarda Civil realizaram uma a\u00e7\u00e3o de orienta\u00e7\u00e3o na Posse para o cumprimento das novas medidas de restri\u00e7\u00e3o. O servi\u00e7o, realizado na manh\u00e3 desta quinta-feira (18\/03), flagrou seis estabelecimentos abertos antes das 11h ao longo da Estrada Uni\u00e3o e Ind\u00fastria. Todos os comerciantes fecharam as portas ap\u00f3s a solicita\u00e7\u00e3o dos agentes. Segundo o decreto municipal da \u00faltima segunda (15), o com\u00e9rcio n\u00e3o essencial deve funcionar em hor\u00e1rio diferenciado, das 11h \u00e0s 20h, com limita\u00e7\u00e3o de 50% da capacidade.<\/p>\n\n\n\n<p>Ao todo, os fiscais estiveram em 15 lojas do distrito conscientizando os propriet\u00e1rios a respeitarem o decreto e tamb\u00e9m a manterem os cuidados para prote\u00e7\u00e3o contra o coronav\u00edrus. Esse servi\u00e7o ser\u00e1 realizado em outros bairros amanh\u00e3 (19).<\/p>\n\n\n\n<p>\u201cNesse primeiro momento, buscamos o di\u00e1logo com os comerciantes. Precisamos do apoio da popula\u00e7\u00e3o para o combate do coronav\u00edrus\u201d, destacou a secret\u00e1ria da SSOP, Karina Bronzo.<\/p>\n\n\n\n<p>Ontem (17), os fiscais realizaram o mesmo servi\u00e7o no Centro Hist\u00f3rico. Sete estabelecimentos foram flagrados funcionando em desacordo com o decreto. A a\u00e7\u00e3o aconteceu nas ruas do Imperador e Paulo Barbosa.<\/p>\n\n\n\n<p>A decis\u00e3o pela amplia\u00e7\u00e3o das medidas levou em conta o cen\u00e1rio epidemiol\u00f3gico no pa\u00eds, com agravamento dos casos em todas as regi\u00f5es, e orienta\u00e7\u00f5es do Governo do Estado.<\/p>\n\n\n\n<p>\u201cA a\u00e7\u00e3o, neste momento, \u00e9 no com\u00e9rcio, mas precisamos do apoio de todos. O mais importante \u00e9 que, nas abordagens, todos entenderam a import\u00e2ncia das medidas e acataram as determina\u00e7\u00f5es\u201d, explicou Hailton Lima, chefe da Divis\u00e3o de Fiscaliza\u00e7\u00e3o de Posturas da SSOP.<\/p>\n","protected":false},"excerpt":{"rendered":"<p>Equipes da Fiscaliza\u00e7\u00e3o de Posturas e da Guarda Civil realizaram uma a\u00e7\u00e3o de orienta\u00e7\u00e3o na<\/p>\n","protected":false},"author":2,"featured_media":11458,"comment_status":"open","ping_status":"open","sticky":false,"template":"","format":"standard","meta":{"footnotes":""},"categories":[12],"tags":[],"class_list":["post-11457","post","type-post","status-publish","format-standard","has-post-thumbnail","hentry","category-cidade"],"_links":{"self":[{"href":"https:\/\/tvc16.com\/portal\/wp-json\/wp\/v2\/posts\/11457","targetHints":{"allow":["GET"]}}],"collection":[{"href":"https:\/\/tvc16.com\/portal\/wp-json\/wp\/v2\/posts"}],"about":[{"href":"https:\/\/tvc16.com\/portal\/wp-json\/wp\/v2\/types\/post"}],"author":[{"embeddable":true,"href":"https:\/\/tvc16.com\/portal\/wp-json\/wp\/v2\/users\/2"}],"replies":[{"embeddable":true,"href":"https:\/\/tvc16.com\/portal\/wp-json\/wp\/v2\/comments?post=11457"}],"version-history":[{"count":1,"href":"https:\/\/tvc16.com\/portal\/wp-json\/wp\/v2\/posts\/11457\/revisions"}],"predecessor-version":[{"id":11459,"href":"https:\/\/tvc16.com\/portal\/wp-json\/wp\/v2\/posts\/11457\/revisions\/11459"}],"wp:featuredmedia":[{"embeddable":true,"href":"https:\/\/tvc16.com\/portal\/wp-json\/wp\/v2\/media\/11458"}],"wp:attachment":[{"href":"https:\/\/tvc16.com\/portal\/wp-json\/wp\/v2\/media?parent=11457"}],"wp:term":[{"taxonomy":"category","embeddable":true,"href":"https:\/\/tvc16.com\/portal\/wp-json\/wp\/v2\/categories?post=11457"},{"taxonomy":"post_tag","embeddable":true,"href":"https:\/\/tvc16.com\/portal\/wp-json\/wp\/v2\/tags?post=11457"}],"curies":[{"name":"wp","href":"https:\/\/api.w.org\/{rel}","templated":true}]}}