{"id":11460,"date":"2021-03-18T17:46:59","date_gmt":"2021-03-18T20:46:59","guid":{"rendered":"https:\/\/tvc16.com\/portal\/?p=11460"},"modified":"2021-03-18T17:52:39","modified_gmt":"2021-03-18T20:52:39","slug":"queda-de-arvore-deixa-avenida-barao-do-rio-branco-interditada","status":"publish","type":"post","link":"https:\/\/tvc16.com\/portal\/2021\/03\/18\/queda-de-arvore-deixa-avenida-barao-do-rio-branco-interditada\/","title":{"rendered":"Queda de \u00e1rvore deixa Avenida Bar\u00e3o do Rio Branco interditada"},"content":{"rendered":"\n<p>Uma enorme \u00e1rvore caiu por volta das 16h30 de hoje (18), na Avenida Bar\u00e3o do Rio Branco, sentido Centro. Chovia forte no momento do acidente, que provocou a interdi\u00e7\u00e3o total da via. Apesar disso, o tronco e os galhos n\u00e3o atingiram ve\u00edculos nem pedestres. Os bombeiros se deslocaram para o ponto afetado para prestar suporte as equipes da prefeitura que tentam desinterditar a pista.<\/p>\n\n\n\n<figure class=\"wp-block-image size-large\"><img loading=\"lazy\" decoding=\"async\" width=\"1024\" height=\"576\" src=\"https:\/\/tvc16.com\/portal\/wp-content\/uploads\/2021\/03\/WhatsApp-Image-2021-03-18-at-17.39.59-1024x576.jpeg\" alt=\"\" class=\"wp-image-11462\" srcset=\"https:\/\/tvc16.com\/portal\/wp-content\/uploads\/2021\/03\/WhatsApp-Image-2021-03-18-at-17.39.59-1024x576.jpeg 1024w, https:\/\/tvc16.com\/portal\/wp-content\/uploads\/2021\/03\/WhatsApp-Image-2021-03-18-at-17.39.59-300x169.jpeg 300w, https:\/\/tvc16.com\/portal\/wp-content\/uploads\/2021\/03\/WhatsApp-Image-2021-03-18-at-17.39.59-768x432.jpeg 768w, https:\/\/tvc16.com\/portal\/wp-content\/uploads\/2021\/03\/WhatsApp-Image-2021-03-18-at-17.39.59.jpeg 1280w\" sizes=\"auto, (max-width: 1024px) 100vw, 1024px\" \/><\/figure>\n\n\n\n<p>Em nota a CPTrans informou que, em fun\u00e7\u00e3o da queda da \u00e1rvore, o fluxo de ve\u00edculos foi desviado pelo Quarteir\u00e3o Brasileiro, em dire\u00e7\u00e3o \u00e0 Mosela. Para os ve\u00edculos grandes, o desvio foi feito pela Ponte Branca &#8211; sentido Quissam\u00e3. J\u00e1 a pista sentido Retiro foi preparada para opera\u00e7\u00e3o tempor\u00e1ria em m\u00e3o dupla. As empresas de transporte coletivo tamb\u00e9m precisaram alterar o percurso. <\/p>\n\n\n\n<p>At\u00e9 as 18h n\u00e3o havia previs\u00e3o para a libera\u00e7\u00e3o do trecho.<\/p>\n","protected":false},"excerpt":{"rendered":"<p>Uma enorme \u00e1rvore caiu por volta das 16h30 de hoje (18), na Avenida Bar\u00e3o do<\/p>\n","protected":false},"author":2,"featured_media":11461,"comment_status":"open","ping_status":"open","sticky":false,"template":"","format":"standard","meta":{"footnotes":""},"categories":[12],"tags":[],"class_list":["post-11460","post","type-post","status-publish","format-standard","has-post-thumbnail","hentry","category-cidade"],"_links":{"self":[{"href":"https:\/\/tvc16.com\/portal\/wp-json\/wp\/v2\/posts\/11460","targetHints":{"allow":["GET"]}}],"collection":[{"href":"https:\/\/tvc16.com\/portal\/wp-json\/wp\/v2\/posts"}],"about":[{"href":"https:\/\/tvc16.com\/portal\/wp-json\/wp\/v2\/types\/post"}],"author":[{"embeddable":true,"href":"https:\/\/tvc16.com\/portal\/wp-json\/wp\/v2\/users\/2"}],"replies":[{"embeddable":true,"href":"https:\/\/tvc16.com\/portal\/wp-json\/wp\/v2\/comments?post=11460"}],"version-history":[{"count":2,"href":"https:\/\/tvc16.com\/portal\/wp-json\/wp\/v2\/posts\/11460\/revisions"}],"predecessor-version":[{"id":11465,"href":"https:\/\/tvc16.com\/portal\/wp-json\/wp\/v2\/posts\/11460\/revisions\/11465"}],"wp:featuredmedia":[{"embeddable":true,"href":"https:\/\/tvc16.com\/portal\/wp-json\/wp\/v2\/media\/11461"}],"wp:attachment":[{"href":"https:\/\/tvc16.com\/portal\/wp-json\/wp\/v2\/media?parent=11460"}],"wp:term":[{"taxonomy":"category","embeddable":true,"href":"https:\/\/tvc16.com\/portal\/wp-json\/wp\/v2\/categories?post=11460"},{"taxonomy":"post_tag","embeddable":true,"href":"https:\/\/tvc16.com\/portal\/wp-json\/wp\/v2\/tags?post=11460"}],"curies":[{"name":"wp","href":"https:\/\/api.w.org\/{rel}","templated":true}]}}