{"id":11466,"date":"2021-03-18T17:54:40","date_gmt":"2021-03-18T20:54:40","guid":{"rendered":"https:\/\/tvc16.com\/portal\/?p=11466"},"modified":"2021-03-18T17:54:42","modified_gmt":"2021-03-18T20:54:42","slug":"mostra-audiovisual-de-petropolis-entrega-kits-com-tablets-e-internet-movel-para-estimular-producao-em-instituicoes-do-rj","status":"publish","type":"post","link":"https:\/\/tvc16.com\/portal\/2021\/03\/18\/mostra-audiovisual-de-petropolis-entrega-kits-com-tablets-e-internet-movel-para-estimular-producao-em-instituicoes-do-rj\/","title":{"rendered":"Mostra Audiovisual de Petr\u00f3polis entrega kits com tablets e internet m\u00f3vel para estimular produ\u00e7\u00e3o em institui\u00e7\u00f5es do RJ"},"content":{"rendered":"\n<p>O pontap\u00e9 inicial da 11\u00aa Edi\u00e7\u00e3o da Mostra Audiovisual de Petr\u00f3polis j\u00e1 foi dado. Ao longo dos \u00faltimos dias, a equipe que trabalha no evento, percorreu cidades das regi\u00f5es serrana, dos lagos e metropolitana do Rio de Janeiro, pra distribuir os denominados \u201cKits Jovem\u201d. O material composto de um Tablet e internet m\u00f3vel, foi destinado para ONGs, escola e institui\u00e7\u00f5es que trabalham com jovens e audiovisual no estado.<\/p>\n\n\n\n<p>As a\u00e7\u00f5es tiveram in\u00edcio na \u00faltima sexta-feira (12), com a entrega de 20 tablets para o Col\u00e9gio Estadual Dom Pedro II em Petr\u00f3polis. O local oferece curso de forma\u00e7\u00e3o t\u00e9cnica profissionalizante no audiovisual.<\/p>\n\n\n\n<p>No \u00faltimo domingo (14), o Cine Pagu\/Engenhoca Filmes realizado no Centro Educacional Comunidade S\u00e3o Jorge no Alto Independ\u00eancia, foi contemplado com quatro kits. O projeto \u00e9 realizado desde 2019, com 43 crianc\u0327as de 8 a 14 anos. O Centro Cultural Caminho da Ro\u00e7a, em Secret\u00e1rio, tamb\u00e9m foi beneficiado. O local conta com projeto de fotografia relacionado a meio ambiente, com crian\u00e7as e adolescentes, que ser\u00e1 ampliado para v\u00eddeo atrav\u00e9s dos quatro kits recebidos. Ainda em Petr\u00f3polis, o Ciep Cec\u00edlia Meirelles em Corr\u00eaas, tamb\u00e9m foi agraciado com kits para o projeto desenvolvido com o p\u00fablico juvenil.<\/p>\n\n\n\n<p>Na capital as a\u00e7\u00f5es ocorreram nesta ter\u00e7a-feira (16), no Cineclube Sub\u00farbio em Transe \u2013 Centro Cultural CASARTI \u2013 Casa do Artista Independente Produ\u00e7\u00f5es Culturais e Art\u00edsticas, que fica na Vila da Penha, focados na produ\u00e7\u00e3o de v\u00eddeo com crian\u00e7as e adolescentes atrav\u00e9s de uma proposta inclusiva. J\u00e1 o Centro de Integra\u00e7\u00e3o Serra da Miseric\u00f3rdia na Penha, realiza iniciativas com mulheres e quest\u00e3o ambiental, iniciando um trabalho com jovens e v\u00eddeo.<\/p>\n\n\n\n<p>Em Teres\u00f3polis, a Escola Estadual Euclides da Cunha, que realiza um festival anual e realiza a produ\u00e7\u00e3o de v\u00eddeos com os alunos, recebeu os kits tamb\u00e9m nesta ter\u00e7a. O cineclube Lumiar em Nova Friburgo, que realiza a atividade junto a uma escola em S\u00e3o Pedro da Serra, tamb\u00e9m contou com a visita da equipe da 11\u00aa MAP que levou os itens seguindo os protocolos de seguran\u00e7a impostos pela pandemia da Covid-19.<\/p>\n\n\n\n<p>J\u00e1 em Maric\u00e1 na Regi\u00e3o Metropolitana, a institui\u00e7\u00e3o beneficiada \u00e9 a Escola Municipal Ind\u00edgena Guarani Kuringue Arandu\u00e1, que vem realizando um projeto incentivando o audiovisual junto aos alunos.<\/p>\n\n\n\n<p>\u201cTal medida se faz importante para difundir cultura, educa\u00e7\u00e3o e tecnologia. Hoje mais de 46 milh\u00f5es de brasileiros n\u00e3o possuem acesso \u00e0 internet, segundo o Centro Regional de Estudos para Desenvolvimento da Sociedade da Informa\u00e7\u00e3o. N\u00f3s sempre acreditamos no audiovisual como ferramenta para a transforma\u00e7\u00e3o e com isso, podemos potencializar o conhecimento, ampliar as possibilidades de aprendizagem, estimular o fazer art\u00edstico e com isso estimular o segmento para essa gera\u00e7\u00e3o que est\u00e1 nos espa\u00e7os escolares e comunidades, mas sem o acesso aos artif\u00edcios necess\u00e1rios para se chegar l\u00e1\u201d, explica a Coordenadora da 11\u00aa MAP, Regina Bortolini.<\/p>\n\n\n\n<p>A MAP \u00e9 realizada pelo&nbsp;Ensino M\u00e9dio Integrado em Audiovisual do Col\u00e9gio Dom Pedro II, Biruta Educa\u00e7\u00e3o Audiovisual e a Reprodutora.&nbsp;A programa\u00e7\u00e3o acontece de forma online e totalmente gratuita, entre os dias 19 e 28 de mar\u00e7o, por conta das restri\u00e7\u00f5es impostas pela pandemia do novo coronav\u00edrus. A programa\u00e7\u00e3o vai contar com mais de 40 atividades,&nbsp;entre&nbsp;oficinas, masterclasses, exibi\u00e7\u00f5es de filmes nacionais e internacionais, produ\u00e7\u00f5es juvenis e rodas de debate.<\/p>\n","protected":false},"excerpt":{"rendered":"<p>O pontap\u00e9 inicial da 11\u00aa Edi\u00e7\u00e3o da Mostra Audiovisual de Petr\u00f3polis j\u00e1 foi dado. Ao<\/p>\n","protected":false},"author":2,"featured_media":11467,"comment_status":"open","ping_status":"open","sticky":false,"template":"","format":"standard","meta":{"footnotes":""},"categories":[12],"tags":[],"class_list":["post-11466","post","type-post","status-publish","format-standard","has-post-thumbnail","hentry","category-cidade"],"_links":{"self":[{"href":"https:\/\/tvc16.com\/portal\/wp-json\/wp\/v2\/posts\/11466","targetHints":{"allow":["GET"]}}],"collection":[{"href":"https:\/\/tvc16.com\/portal\/wp-json\/wp\/v2\/posts"}],"about":[{"href":"https:\/\/tvc16.com\/portal\/wp-json\/wp\/v2\/types\/post"}],"author":[{"embeddable":true,"href":"https:\/\/tvc16.com\/portal\/wp-json\/wp\/v2\/users\/2"}],"replies":[{"embeddable":true,"href":"https:\/\/tvc16.com\/portal\/wp-json\/wp\/v2\/comments?post=11466"}],"version-history":[{"count":1,"href":"https:\/\/tvc16.com\/portal\/wp-json\/wp\/v2\/posts\/11466\/revisions"}],"predecessor-version":[{"id":11468,"href":"https:\/\/tvc16.com\/portal\/wp-json\/wp\/v2\/posts\/11466\/revisions\/11468"}],"wp:featuredmedia":[{"embeddable":true,"href":"https:\/\/tvc16.com\/portal\/wp-json\/wp\/v2\/media\/11467"}],"wp:attachment":[{"href":"https:\/\/tvc16.com\/portal\/wp-json\/wp\/v2\/media?parent=11466"}],"wp:term":[{"taxonomy":"category","embeddable":true,"href":"https:\/\/tvc16.com\/portal\/wp-json\/wp\/v2\/categories?post=11466"},{"taxonomy":"post_tag","embeddable":true,"href":"https:\/\/tvc16.com\/portal\/wp-json\/wp\/v2\/tags?post=11466"}],"curies":[{"name":"wp","href":"https:\/\/api.w.org\/{rel}","templated":true}]}}