{"id":11469,"date":"2021-03-18T17:58:07","date_gmt":"2021-03-18T20:58:07","guid":{"rendered":"https:\/\/tvc16.com\/portal\/?p=11469"},"modified":"2021-03-18T17:58:10","modified_gmt":"2021-03-18T20:58:10","slug":"comunidades-de-petropolis-discutem-direito-a-cidade","status":"publish","type":"post","link":"https:\/\/tvc16.com\/portal\/2021\/03\/18\/comunidades-de-petropolis-discutem-direito-a-cidade\/","title":{"rendered":"Comunidades de Petr\u00f3polis discutem direito \u00e0 cidade"},"content":{"rendered":"\n<p><em>Evento online refor\u00e7a protagonismo de quem vive em periferias para a constru\u00e7\u00e3o um plano de desenvolvimento urbano local &nbsp;<\/em><\/p>\n\n\n\n<p>No pr\u00f3ximo s\u00e1bado (20), das 9h \u00e0s 12h, o F\u00f3rum Itabora\u00ed: Pol\u00edtica, Ci\u00eancia e Cultura na Sa\u00fade e o Programa de Desenvolvimento do Campus Fiocruz Mata Atl\u00e2ntica, ambos programas da presid\u00eancia da Fiocruz, promover\u00e3o um encontro\u00a0<em>online<\/em>\u00a0para discutir o direito \u00e0 cidade. Um tema amplo e com diversas facetas, que ser\u00e1 abordado no contexto de duas comunidades de Petr\u00f3polis: Amazonas, no bairro Quitandinha, e Vila Rica, em Pedro do Rio.Com o t\u00edtulo\u00a0<em>Direito \u00e0 cidade: construindo um Plano de Desenvolvimento Urbano Local para Territ\u00f3rios Saud\u00e1veis<\/em>,o encontro reunir\u00e1 especialistas na tem\u00e1tica, representantes de movimentos sociais e tamb\u00e9m pessoas que exercem papel de lideran\u00e7a nessas comunidades. <\/p>\n\n\n\n<p>O evento ser\u00e1 transmitido pelo YouTube do F\u00f3rum Itabora\u00ed (<a rel=\"noreferrer noopener\" href=\"https:\/\/www.youtube.com\/channel\/UCHjK2jruJLs6R6hVdNlBYcg\/featured\" target=\"_blank\">https:\/\/www.youtube.com\/channel\/UCHjK2jruJLs6R6hVdNlBYcg\/featured<\/a>) e a programa\u00e7\u00e3o pode ser encontrada no site da institui\u00e7\u00e3o (<a rel=\"noreferrer noopener\" href=\"http:\/\/www.forumitaborai.fiocruz.br\/\" target=\"_blank\">http:\/\/www.forumitaborai.fiocruz.br<\/a>).\u00a0<\/p>\n\n\n\n<p>Segundo o Diretor do F\u00f3rum Itabora\u00ed, Felix Rosenberg, a iniciativa nasce com o prop\u00f3sito de ser um ciclo de encontros para debater o direito \u00e0 cidade e a sua rela\u00e7\u00e3o com a sa\u00fade,\u00a0nas perspectivas de diferentes territ\u00f3rios petropolitanos do centro e da periferia.\u00a0Territ\u00f3rios estes, que, desde 2017, v\u00eam sendo mapeados pelas equipes do F\u00f3rum Itabora\u00ed e da Secretaria Municipal de Sa\u00fade, com a participa\u00e7\u00e3o de moradores das comunidades envolvidas. <\/p>\n\n\n\n<p>Denominado \u201cDiagn\u00f3stico R\u00e1pido Participativo \u2013 DRP\u201d, o trabalho possibilitou um retrato social dos territ\u00f3rios participantes a partir de diferentes vis\u00f5es e, desde ent\u00e3o, vem subsidiando projetos e iniciativas de redu\u00e7\u00e3o das desigualdades e de promo\u00e7\u00e3o da sa\u00fade nessas comunidades. <\/p>\n\n\n\n<p>De acordo com Rosenberg, o evento de s\u00e1bado ser\u00e1 uma primeira experi\u00eancia \u201ccom o protagonismo da comunidade reconhecendo suas principais fragilidades e potencialidades, para que, com apoio de assessoramento profissional, possa elaborar projetos de transforma\u00e7\u00e3o territorial local\u201d, explica o diretor, ressaltando que, se bem sucedidos nessas comunidades, os eventos poder\u00e3o despertar o interesse em outras de semelhantes condi\u00e7\u00f5es de fragilidade urbana e social. \u00a0<\/p>\n\n\n\n<p>Para o coordenador do Programa de Desenvolvimento do Campus Fiocruz Mata Atl\u00e2ntica, Gilson Antunes, essa \u00e9 uma oportunidade de ambas as unidades aprofundarem la\u00e7os de complementariedade e o compartilhamento de aprendizados das experi\u00eancias que desenvolvem. \u201cJuntas, assumimos a miss\u00e3o expl\u00edcita ou impl\u00edcita de reduzir desigualdades sociais como determinantes das iniquidades em sa\u00fade e desenvolveremos projetos que respondam a princ\u00edpios e pressupostos da promo\u00e7\u00e3o da sa\u00fade, incluindo a necessidade de fortalecimento do SUS e de acesso ao direito \u00e0 cidade e \u00e0 moradia digna em territ\u00f3rios vulner\u00e1veis\u201d, conclui o coordenador.&nbsp;<\/p>\n","protected":false},"excerpt":{"rendered":"<p>Evento online refor\u00e7a protagonismo de quem vive em periferias para a constru\u00e7\u00e3o um plano de<\/p>\n","protected":false},"author":2,"featured_media":11470,"comment_status":"open","ping_status":"open","sticky":false,"template":"","format":"standard","meta":{"footnotes":""},"categories":[12],"tags":[],"class_list":["post-11469","post","type-post","status-publish","format-standard","has-post-thumbnail","hentry","category-cidade"],"_links":{"self":[{"href":"https:\/\/tvc16.com\/portal\/wp-json\/wp\/v2\/posts\/11469","targetHints":{"allow":["GET"]}}],"collection":[{"href":"https:\/\/tvc16.com\/portal\/wp-json\/wp\/v2\/posts"}],"about":[{"href":"https:\/\/tvc16.com\/portal\/wp-json\/wp\/v2\/types\/post"}],"author":[{"embeddable":true,"href":"https:\/\/tvc16.com\/portal\/wp-json\/wp\/v2\/users\/2"}],"replies":[{"embeddable":true,"href":"https:\/\/tvc16.com\/portal\/wp-json\/wp\/v2\/comments?post=11469"}],"version-history":[{"count":1,"href":"https:\/\/tvc16.com\/portal\/wp-json\/wp\/v2\/posts\/11469\/revisions"}],"predecessor-version":[{"id":11471,"href":"https:\/\/tvc16.com\/portal\/wp-json\/wp\/v2\/posts\/11469\/revisions\/11471"}],"wp:featuredmedia":[{"embeddable":true,"href":"https:\/\/tvc16.com\/portal\/wp-json\/wp\/v2\/media\/11470"}],"wp:attachment":[{"href":"https:\/\/tvc16.com\/portal\/wp-json\/wp\/v2\/media?parent=11469"}],"wp:term":[{"taxonomy":"category","embeddable":true,"href":"https:\/\/tvc16.com\/portal\/wp-json\/wp\/v2\/categories?post=11469"},{"taxonomy":"post_tag","embeddable":true,"href":"https:\/\/tvc16.com\/portal\/wp-json\/wp\/v2\/tags?post=11469"}],"curies":[{"name":"wp","href":"https:\/\/api.w.org\/{rel}","templated":true}]}}