{"id":11477,"date":"2021-03-18T18:18:31","date_gmt":"2021-03-18T21:18:31","guid":{"rendered":"https:\/\/tvc16.com\/portal\/?p=11477"},"modified":"2021-03-18T18:18:33","modified_gmt":"2021-03-18T21:18:33","slug":"policia-civil-prende-trio-especializado-em-roubar-imoveis-de-luxo","status":"publish","type":"post","link":"https:\/\/tvc16.com\/portal\/2021\/03\/18\/policia-civil-prende-trio-especializado-em-roubar-imoveis-de-luxo\/","title":{"rendered":"Pol\u00edcia Civil prende trio especializado em roubar im\u00f3veis de luxo"},"content":{"rendered":"\n<p>Agentes da 105\u00aa Delegacia de Pol\u00edcia, no Retiro, prenderam em flagrante nesta quarta-feira (17), tr\u00eas homens especializados em roubar resid\u00eancias de luxo em estados da Regi\u00e3o Sudeste, principalmente no Rio de Janeiro e em Minas Gerais. Segundo os agentes, os bandidos foram flagrados quando estavam prestes a roubar uma casa em um condom\u00ednio de luxo, em Itaipava.<\/p>\n\n\n\n<p>Eles estavam sendo investigados pela pol\u00edcia desde o final de janeiro deste ano, quando invadiram uma resid\u00eancia em Petr\u00f3polis, e mantiveram um casal ref\u00e9m. Na ocasi\u00e3o eles roubaram diversos bens e R$ 300 mil em joias.<\/p>\n\n\n\n<p>As investiga\u00e7\u00f5es apontaram que, durante o segundo semestre de 2020 e o primeiro trimestre de 2021, o grupo praticou cinco roubos, sendo dois em Itaipava e tr\u00eas na Regi\u00e3o Oce\u00e2nica de Niter\u00f3i, gerando um preju\u00edzo de R$ 1 milh\u00e3o de reais \u00e0s v\u00edtimas. Na opera\u00e7\u00e3o desta quarta-feira (17), os policiais apreenderam com os acusados tr\u00eas rev\u00f3lveres calibres 38 com numera\u00e7\u00f5es raspadas, toucas ninjas, luvas, alicates e um ve\u00edculo usado para transporte dos criminosos e do material roubado.<\/p>\n\n\n\n<p>Ainda de acordo com os agentes, a suspeita \u00e9 que os criminosos agiam h\u00e1 pelo menos tr\u00eas anos e atuavam utilizando t\u00e1ticas para n\u00e3o serem descobertos. Al\u00e9m disso, o grupo tamb\u00e9m agia com extrema viol\u00eancia, deixando as v\u00edtimas presas por longos per\u00edodos em c\u00e1rcere privado e praticando tortura psicol\u00f3gica. A pris\u00e3o dos bandidos tamb\u00e9m evitou um roubo a uma resid\u00eancia, que seria realizado pelo trio em Belo Horizonte, Minas Gerais.<\/p>\n","protected":false},"excerpt":{"rendered":"<p>Agentes da 105\u00aa Delegacia de Pol\u00edcia, no Retiro, prenderam em flagrante nesta quarta-feira (17), tr\u00eas<\/p>\n","protected":false},"author":2,"featured_media":11478,"comment_status":"open","ping_status":"open","sticky":false,"template":"","format":"standard","meta":{"footnotes":""},"categories":[12],"tags":[],"class_list":["post-11477","post","type-post","status-publish","format-standard","has-post-thumbnail","hentry","category-cidade"],"_links":{"self":[{"href":"https:\/\/tvc16.com\/portal\/wp-json\/wp\/v2\/posts\/11477","targetHints":{"allow":["GET"]}}],"collection":[{"href":"https:\/\/tvc16.com\/portal\/wp-json\/wp\/v2\/posts"}],"about":[{"href":"https:\/\/tvc16.com\/portal\/wp-json\/wp\/v2\/types\/post"}],"author":[{"embeddable":true,"href":"https:\/\/tvc16.com\/portal\/wp-json\/wp\/v2\/users\/2"}],"replies":[{"embeddable":true,"href":"https:\/\/tvc16.com\/portal\/wp-json\/wp\/v2\/comments?post=11477"}],"version-history":[{"count":1,"href":"https:\/\/tvc16.com\/portal\/wp-json\/wp\/v2\/posts\/11477\/revisions"}],"predecessor-version":[{"id":11479,"href":"https:\/\/tvc16.com\/portal\/wp-json\/wp\/v2\/posts\/11477\/revisions\/11479"}],"wp:featuredmedia":[{"embeddable":true,"href":"https:\/\/tvc16.com\/portal\/wp-json\/wp\/v2\/media\/11478"}],"wp:attachment":[{"href":"https:\/\/tvc16.com\/portal\/wp-json\/wp\/v2\/media?parent=11477"}],"wp:term":[{"taxonomy":"category","embeddable":true,"href":"https:\/\/tvc16.com\/portal\/wp-json\/wp\/v2\/categories?post=11477"},{"taxonomy":"post_tag","embeddable":true,"href":"https:\/\/tvc16.com\/portal\/wp-json\/wp\/v2\/tags?post=11477"}],"curies":[{"name":"wp","href":"https:\/\/api.w.org\/{rel}","templated":true}]}}