{"id":1148,"date":"2020-09-24T15:57:03","date_gmt":"2020-09-24T15:57:03","guid":{"rendered":"https:\/\/tvc16.com\/portal\/?p=1148"},"modified":"2020-09-24T15:57:03","modified_gmt":"2020-09-24T15:57:03","slug":"custos-industriais-caem-15-no-segundo-trimestre","status":"publish","type":"post","link":"https:\/\/tvc16.com\/portal\/2020\/09\/24\/custos-industriais-caem-15-no-segundo-trimestre\/","title":{"rendered":"Custos industriais caem 1,5% no segundo trimestre"},"content":{"rendered":"\n<p>Queda foi estimulada por medidas contra a pandemia\u00a0<\/p>\n\n\n\n<p>O Indicador de Custos Industriais caiu 1,5% no segundo trimestre de 2020, comparado ao per\u00edodo anterior, segundo dados da Confedera\u00e7\u00e3o Nacional da Ind\u00fastria (CNI). A entidade considera a redu\u00e7\u00e3o \u201cum al\u00edvio\u201d para o setor, mas espera para os pr\u00f3ximos meses aumento do pre\u00e7o dos insumos, por impacto da alta do d\u00f3lar.<img decoding=\"async\" src=\"https:\/\/agenciabrasil.ebc.com.br\/ebc.png?id=1388803&amp;o=node\"><img decoding=\"async\" src=\"https:\/\/agenciabrasil.ebc.com.br\/ebc.gif?id=1388803&amp;o=node\"><\/p>\n\n\n\n<p>\u201cPercebemos que a maioria dos fatores que puxaram esse \u00edndice para baixo \u00e9 transit\u00f3ria. Os impostos foram adiados, mas ser\u00e3o pagos. O custo de energia, com a retomada da economia, tende a aumentar. O mesmo vale para os custos com pessoal e com capital de giro. Os pre\u00e7os dos insumos subiram bastante, em parte devido \u00e0 queda tempor\u00e1ria da oferta em raz\u00e3o da crise e tamb\u00e9m \u00e0 desvaloriza\u00e7\u00e3o do real. Temos um problema que come\u00e7a a aparecer e que vai ficar patente assim que as medidas emergenciais tiverem seu fim\u201d, avalia o gerente executivo de Economia da CNI, Renato da Fonseca.<\/p>\n\n\n\n<p>O \u00edndice de custo com bens intermedi\u00e1rios subiu 6,2%, reflexo do impacto do c\u00e2mbio no aumento do pre\u00e7o dos insumos, nacionais e importados. O custo com bens intermedi\u00e1rios importados cresceu 17,1%&nbsp;e&nbsp;o custo com bens intermedi\u00e1rios nacionais aumentou 4,1%. Segundo a CNI, esse resultado tamb\u00e9m \u00e9 influenciado pela taxa de c\u00e2mbio, \u00e0 medida que o d\u00f3lar mais caro incentiva a exporta\u00e7\u00e3o dos insumos produzidos no pa\u00eds, com aumento de pre\u00e7os para a demanda interna.<\/p>\n\n\n\n<h2 class=\"wp-block-heading\">Custos tribut\u00e1rios&nbsp;<\/h2>\n\n\n\n<p>Nos componentes do \u00edndice, h\u00e1 quedas acentuadas, como a de 21,2% no custo tribut\u00e1rio, devido \u00e0 posterga\u00e7\u00e3o do prazo de pagamento de impostos, ao recuo de 19,2% no custo do capital de giro, que ocorreu pelas medidas de aumento da liquidez do Banco Central, e de 6,6% no custo com pessoal, pelos acordos de redu\u00e7\u00e3o de jornada e sal\u00e1rio.<\/p>\n\n\n\n<p>Houve queda de 9% no custo com energia, o que se deve \u00e0 menor demanda por combust\u00edveis devido \u00e0 menor circula\u00e7\u00e3o de pessoas e menor atividade econ\u00f4mica.<\/p>\n\n\n\n<p>Segundo a CNI, os custos ca\u00edram mais que os pre\u00e7os das mercadorias produzidas, indicando ganho de lucratividade da ind\u00fastria brasileira no segundo trimestre. Enquanto os custos ca\u00edram 1,5%, os pre\u00e7os das mercadorias produzidas recuaram 0,1%.<\/p>\n\n\n\n<p>Kelly Oliveira &#8211; Rep\u00f3rter da Ag\u00eancia Brasil &#8211; Bras\u00edlia<\/p>\n\n\n\n<p>Edi\u00e7\u00e3o: Gra\u00e7a Adjuto<\/p>\n","protected":false},"excerpt":{"rendered":"<p>Queda foi estimulada por medidas contra a pandemia\u00a0 O Indicador de Custos Industriais caiu 1,5%<\/p>\n","protected":false},"author":2,"featured_media":1149,"comment_status":"open","ping_status":"open","sticky":false,"template":"","format":"standard","meta":{"footnotes":""},"categories":[18],"tags":[],"class_list":["post-1148","post","type-post","status-publish","format-standard","has-post-thumbnail","hentry","category-economia"],"_links":{"self":[{"href":"https:\/\/tvc16.com\/portal\/wp-json\/wp\/v2\/posts\/1148","targetHints":{"allow":["GET"]}}],"collection":[{"href":"https:\/\/tvc16.com\/portal\/wp-json\/wp\/v2\/posts"}],"about":[{"href":"https:\/\/tvc16.com\/portal\/wp-json\/wp\/v2\/types\/post"}],"author":[{"embeddable":true,"href":"https:\/\/tvc16.com\/portal\/wp-json\/wp\/v2\/users\/2"}],"replies":[{"embeddable":true,"href":"https:\/\/tvc16.com\/portal\/wp-json\/wp\/v2\/comments?post=1148"}],"version-history":[{"count":1,"href":"https:\/\/tvc16.com\/portal\/wp-json\/wp\/v2\/posts\/1148\/revisions"}],"predecessor-version":[{"id":1150,"href":"https:\/\/tvc16.com\/portal\/wp-json\/wp\/v2\/posts\/1148\/revisions\/1150"}],"wp:featuredmedia":[{"embeddable":true,"href":"https:\/\/tvc16.com\/portal\/wp-json\/wp\/v2\/media\/1149"}],"wp:attachment":[{"href":"https:\/\/tvc16.com\/portal\/wp-json\/wp\/v2\/media?parent=1148"}],"wp:term":[{"taxonomy":"category","embeddable":true,"href":"https:\/\/tvc16.com\/portal\/wp-json\/wp\/v2\/categories?post=1148"},{"taxonomy":"post_tag","embeddable":true,"href":"https:\/\/tvc16.com\/portal\/wp-json\/wp\/v2\/tags?post=1148"}],"curies":[{"name":"wp","href":"https:\/\/api.w.org\/{rel}","templated":true}]}}