{"id":11484,"date":"2021-03-19T11:18:00","date_gmt":"2021-03-19T14:18:00","guid":{"rendered":"https:\/\/tvc16.com\/portal\/?p=11484"},"modified":"2021-03-19T11:18:03","modified_gmt":"2021-03-19T14:18:03","slug":"prefeitura-abriu-vacinacao-contra-covid-19-para-idosos-a-partir-de-77-anos-hoje","status":"publish","type":"post","link":"https:\/\/tvc16.com\/portal\/2021\/03\/19\/prefeitura-abriu-vacinacao-contra-covid-19-para-idosos-a-partir-de-77-anos-hoje\/","title":{"rendered":"Prefeitura abriu vacina\u00e7\u00e3o contra covid-19 para idosos a partir de 77 anos hoje"},"content":{"rendered":"\n<p>Secretaria de Sa\u00fade recebeu nesta quinta-feira lote com 4.130 doses<\/p>\n\n\n\n<p>Com a chegada de mais um lote de vacinas nesta quinta-feira (18.03) a prefeitura ampliou hoje (19.03) a vacina\u00e7\u00e3o para idosos com mais de 77 anos. O cadastro para pessoas a partir desta idade estar\u00e1 aberto no site da prefeitura (www.petropolis.rj.gov.br) a partir das 21h desta quinta (18.03). A vacina\u00e7\u00e3o segue sendo realizada em seis diferentes pontos da cidade: nas Unidades B\u00e1sicas de Sa\u00fade (UBSs) do Morin, do Quitandinha e do Itamarati &#8211; que funcionam de segunda a sexta-feira; e em tr\u00eas pontos que funcionam no sistema drive thru: no gin\u00e1sio da UCP no Bingen, no Parque de Exposi\u00e7\u00f5es em Itaipava, e no campus da UCP Benjamin Constant, no Centro, abertos de segunda a s\u00e1bado. Em todas unidades, a vacina\u00e7\u00e3o \u00e9 feita das 9h \u00e0s 16h.<\/p>\n\n\n\n<p>\u201cTemos adotado medidas para tentar conter a propaga\u00e7\u00e3o da Covid-19 e para ampliar a estrutura para atendimento a quem precisa. Sabemos da import\u00e2ncia da vacina\u00e7\u00e3o para o controle da pandemia, sobretudo para proteger os idosos. Todos os esfor\u00e7os est\u00e3o sendo feitos para acelerar o envio de vacinas para Petr\u00f3polis e aceleramos a vacina\u00e7\u00e3o\u201d, destaca o prefeito interino Hingo Hammes.<\/p>\n\n\n\n<p>At\u00e9 a \u00faltima quarta-feira (17\/3), 16.750 pessoas j\u00e1 tinham sido vacinadas, destas 7.250 foram idosos com mais de 79 anos.<\/p>\n\n\n\n<p>Para atender a demanda maior por vacina\u00e7\u00e3o, a Secretaria de Sa\u00fade est\u00e1 ampliando para 300 o n\u00famero di\u00e1rio de vagas para cadastro de vacina\u00e7\u00e3o. Ser\u00e3o 50 doses a mais em cada um dos seis pontos de vacina\u00e7\u00e3o. Com isso, a Secretaria passa a agendar a imuniza\u00e7\u00e3o de 200 pessoas em cada um dos tr\u00eas pontos de drive thru (Centro, Bingen e Itaipava) e 150 idosos por dia em cada uma das UBSs (Quitandinha, Morin e Itamarati).<br>\u201cTodos os esfor\u00e7os est\u00e3o sendo feitos pela equipe da Sa\u00fade para que possamos acelerar a vacina\u00e7\u00e3o na cidade, para que seja poss\u00edvel proteger um n\u00famero cada vez maior de idosos. A chegada deste novo lote hoje permite que j\u00e1 a partir de amanh\u00e3 a vacina\u00e7\u00e3o seja ampliada para quem tem 77 e 78 anos. \u00c0 medida que mais vacinas forem chegando \u00e0 cidade iremos ampliando para outras faixas\u201d, destaca o secret\u00e1rio Aloisio Barbosa da Silva Filho.<\/p>\n\n\n\n<p>Para ser vacinado, o idoso deve estar cadastrado no site da prefeitura (www.petropolis.rj.gov.br). No momento do cadastro \u00e9 importante estar atento ao dia em que o agendamento foi feito. O idoso deve comparecer ao ponto de vacina\u00e7\u00e3o escolhido na data marcada, portando CPF, identidade, cart\u00e3o de vacina e comprovante de resid\u00eancia. Em todos os pontos a vacina\u00e7\u00e3o \u00e9 feita das 9h \u00e0s 16h.<\/p>\n\n\n\n<p>Importante lembrar que pessoas que testaram positivo para a Covid-19 nos \u00faltimos 30 dias ou que estejam com sintomas n\u00e3o poder\u00e3o ser vacinados neste momento. Por isso, devem aguardar e depois se apresentar em um dos postos de vacina\u00e7\u00e3o.<\/p>\n\n\n\n<p>A vacina\u00e7\u00e3o em Petr\u00f3polis segue as determina\u00e7\u00f5es do Minist\u00e9rio da Sa\u00fade. Os trabalhos na cidade come\u00e7aram com a vacina\u00e7\u00e3o de profissionais de sa\u00fade que atuam na linha de frente, idosos com mais de 60 anos que vivem em institui\u00e7\u00f5es de longa perman\u00eancia e deficientes institucionalizados maiores de 18 anos. A vacina\u00e7\u00e3o segue avan\u00e7ando, de acordo com a chegada de novas remessas da vacina. Atualmente est\u00e3o sendo vacinados simultaneamente na cidade: idosos com mais de 60 anos acamados; profissionais de sa\u00fade com mais de 60 anos, profissionais de sa\u00fade maiores de 18 anos e menores de 60 anos que apresentem comorbidades e idosos com mais de 77 anos.<\/p>\n\n\n\n<p>Para facilitar o cadastramento de idosos que encontram dificuldades para lidar com a internet, a Secretaria de Sa\u00fade disponibilizou dois telefones para que idosos que est\u00e3o na faixa de vacina\u00e7\u00e3o possam solicitar, por telefone, o agendamento para a vacina\u00e7\u00e3o contra a Covid-19. Neste caso o idoso deve entrar em contato com a Secretaria de Sa\u00fade pelos telefones 2233-8850, 2233-8852. O atendimento est\u00e1 dispon\u00edvel de segunda a sexta-feira das 9h \u00e0s 16h.<\/p>\n\n\n\n<p>A Prefeitura mant\u00e9m ainda um atendimento via WhatsApp para esclarecer d\u00favidas da popula\u00e7\u00e3o sobre a vacina\u00e7\u00e3o contra a Covid-19. Nestes casos, as mensagens devem ser enviadas ao n\u00famero: (24) 99946-1161.<\/p>\n","protected":false},"excerpt":{"rendered":"<p>Secretaria de Sa\u00fade recebeu nesta quinta-feira lote com 4.130 doses Com a chegada de mais<\/p>\n","protected":false},"author":2,"featured_media":11485,"comment_status":"open","ping_status":"open","sticky":false,"template":"","format":"standard","meta":{"footnotes":""},"categories":[12],"tags":[],"class_list":["post-11484","post","type-post","status-publish","format-standard","has-post-thumbnail","hentry","category-cidade"],"_links":{"self":[{"href":"https:\/\/tvc16.com\/portal\/wp-json\/wp\/v2\/posts\/11484","targetHints":{"allow":["GET"]}}],"collection":[{"href":"https:\/\/tvc16.com\/portal\/wp-json\/wp\/v2\/posts"}],"about":[{"href":"https:\/\/tvc16.com\/portal\/wp-json\/wp\/v2\/types\/post"}],"author":[{"embeddable":true,"href":"https:\/\/tvc16.com\/portal\/wp-json\/wp\/v2\/users\/2"}],"replies":[{"embeddable":true,"href":"https:\/\/tvc16.com\/portal\/wp-json\/wp\/v2\/comments?post=11484"}],"version-history":[{"count":1,"href":"https:\/\/tvc16.com\/portal\/wp-json\/wp\/v2\/posts\/11484\/revisions"}],"predecessor-version":[{"id":11486,"href":"https:\/\/tvc16.com\/portal\/wp-json\/wp\/v2\/posts\/11484\/revisions\/11486"}],"wp:featuredmedia":[{"embeddable":true,"href":"https:\/\/tvc16.com\/portal\/wp-json\/wp\/v2\/media\/11485"}],"wp:attachment":[{"href":"https:\/\/tvc16.com\/portal\/wp-json\/wp\/v2\/media?parent=11484"}],"wp:term":[{"taxonomy":"category","embeddable":true,"href":"https:\/\/tvc16.com\/portal\/wp-json\/wp\/v2\/categories?post=11484"},{"taxonomy":"post_tag","embeddable":true,"href":"https:\/\/tvc16.com\/portal\/wp-json\/wp\/v2\/tags?post=11484"}],"curies":[{"name":"wp","href":"https:\/\/api.w.org\/{rel}","templated":true}]}}