{"id":11487,"date":"2021-03-19T11:20:25","date_gmt":"2021-03-19T14:20:25","guid":{"rendered":"https:\/\/tvc16.com\/portal\/?p=11487"},"modified":"2021-03-20T00:19:36","modified_gmt":"2021-03-20T03:19:36","slug":"petropolis-tem-116-pessoas-estao-internadas-em-leitos-de-uti-para-covid-19","status":"publish","type":"post","link":"https:\/\/tvc16.com\/portal\/2021\/03\/19\/petropolis-tem-116-pessoas-estao-internadas-em-leitos-de-uti-para-covid-19\/","title":{"rendered":"Petr\u00f3polis tem 116 pessoas internadas em leitos de UTI para covid-19"},"content":{"rendered":"\n<p>O boletim epidemiol\u00f3gico da Secretaria de Sa\u00fade de quinta-feira (18) mostrou que Petr\u00f3polis fez, at\u00e9 agora, 129.250 testes para Covid-19, com 22.795 resultados positivos e 99.482 negativos (levando em considera\u00e7\u00e3o testes r\u00e1pidos e Swab).<\/p>\n\n\n\n<p>Neste momento, 116 pessoas est\u00e3o internadas em leitos de UTI privados e pelo SUS. Outras 81 est\u00e3o em leitos cl\u00ednicos, considerando leitos privados e SUS, totalizando assim, 197 interna\u00e7\u00f5es em toda a rede da cidade. A ocupa\u00e7\u00e3o de leitos cl\u00ednicos pelo SUS \u00e9 de 70,89% e 87,23% em leitos de UTI.<\/p>\n\n\n\n<p>A Secretaria de Sa\u00fade esclarece que o n\u00famero de \u00f3bitos, hoje em 612, \u00e9 atualizado nos boletins apenas ap\u00f3s o registro do atestado de \u00f3bito e do resultado do exame do paciente no sistema da Vigil\u00e2ncia Epidemiol\u00f3gica, o que \u00e9 feito por equipe administrativa. Trata-se de medida de seguran\u00e7a para evitar erro na informa\u00e7\u00e3o divulgada pela Secretaria de Sa\u00fade.<\/p>\n\n\n\n<p>A Secretaria acrescenta, ainda, que trabalha na atualiza\u00e7\u00e3o de dados de notifica\u00e7\u00f5es e casos em an\u00e1lise no sistema, inserindo ainda dados n\u00e3o lan\u00e7ados no fim do ano passado. \u00c9 poss\u00edvel acompanhar a evolu\u00e7\u00e3o dos casos no portal da transpar\u00eancia do coronav\u00edrus, no site da Prefeitura (www.petropolis.rj.gov.br).<\/p>\n\n\n\n<p>Foto: Portal da Sa\u00fade <\/p>\n","protected":false},"excerpt":{"rendered":"<p>O boletim epidemiol\u00f3gico da Secretaria de Sa\u00fade de quinta-feira (18) mostrou que Petr\u00f3polis fez, at\u00e9<\/p>\n","protected":false},"author":2,"featured_media":11488,"comment_status":"open","ping_status":"open","sticky":false,"template":"","format":"standard","meta":{"footnotes":""},"categories":[12],"tags":[],"class_list":["post-11487","post","type-post","status-publish","format-standard","has-post-thumbnail","hentry","category-cidade"],"_links":{"self":[{"href":"https:\/\/tvc16.com\/portal\/wp-json\/wp\/v2\/posts\/11487","targetHints":{"allow":["GET"]}}],"collection":[{"href":"https:\/\/tvc16.com\/portal\/wp-json\/wp\/v2\/posts"}],"about":[{"href":"https:\/\/tvc16.com\/portal\/wp-json\/wp\/v2\/types\/post"}],"author":[{"embeddable":true,"href":"https:\/\/tvc16.com\/portal\/wp-json\/wp\/v2\/users\/2"}],"replies":[{"embeddable":true,"href":"https:\/\/tvc16.com\/portal\/wp-json\/wp\/v2\/comments?post=11487"}],"version-history":[{"count":2,"href":"https:\/\/tvc16.com\/portal\/wp-json\/wp\/v2\/posts\/11487\/revisions"}],"predecessor-version":[{"id":11536,"href":"https:\/\/tvc16.com\/portal\/wp-json\/wp\/v2\/posts\/11487\/revisions\/11536"}],"wp:featuredmedia":[{"embeddable":true,"href":"https:\/\/tvc16.com\/portal\/wp-json\/wp\/v2\/media\/11488"}],"wp:attachment":[{"href":"https:\/\/tvc16.com\/portal\/wp-json\/wp\/v2\/media?parent=11487"}],"wp:term":[{"taxonomy":"category","embeddable":true,"href":"https:\/\/tvc16.com\/portal\/wp-json\/wp\/v2\/categories?post=11487"},{"taxonomy":"post_tag","embeddable":true,"href":"https:\/\/tvc16.com\/portal\/wp-json\/wp\/v2\/tags?post=11487"}],"curies":[{"name":"wp","href":"https:\/\/api.w.org\/{rel}","templated":true}]}}