{"id":11493,"date":"2021-03-19T11:25:21","date_gmt":"2021-03-19T14:25:21","guid":{"rendered":"https:\/\/tvc16.com\/portal\/?p=11493"},"modified":"2021-03-19T11:25:23","modified_gmt":"2021-03-19T14:25:23","slug":"municipio-consegue-liberacao-de-12-leitos-de-uti-no-hnsa","status":"publish","type":"post","link":"https:\/\/tvc16.com\/portal\/2021\/03\/19\/municipio-consegue-liberacao-de-12-leitos-de-uti-no-hnsa\/","title":{"rendered":"Munic\u00edpio consegue libera\u00e7\u00e3o de 12 leitos de UTI no HNSA"},"content":{"rendered":"\n<p>Cidade tamb\u00e9m ter\u00e1 mais 23 leitos de retaguarda em hospitais municipais e articula aumento de leitos cl\u00ednicos na rede privada<\/p>\n\n\n\n<p>Para suprir a demanda por interna\u00e7\u00f5es de pacientes com Covid-19, que subiu nos \u00faltimos dias, a Prefeitura vem trabalhando para ampliar leitos cl\u00ednicos e de UTI em unidades pr\u00f3prias, assim como os pactuados junto \u00e0 rede privada. Nesta quinta-feira (18), o prefeito interino Hingo Hammes confirmou a libera\u00e7\u00e3o de 12 leitos de UTI no Hospital Nossa Senhora Aparecida (HNSA) \u2013 tr\u00eas j\u00e1 est\u00e3o em funcionamento e outros nove, que estavam bloqueados at\u00e9 agora, aguardando montagem de equipes, ser\u00e3o liberados nesta sexta. Al\u00e9m disso, o munic\u00edpio est\u00e1 reestruturando o atendimento em unidades pr\u00f3prias para a abertura de 23 leitos de retaguarda (tempor\u00e1rios), entre cl\u00ednicos e UTIs. No Hospital Municipal Nelson de S\u00e1 Earp, oito leitos cl\u00ednicos foram abertos no domingo para atender pacientes com covid-19.<\/p>\n\n\n\n<p>Haver\u00e1 mudan\u00e7as tamb\u00e9m no Hospital Alcides Carneiro: em uma ala separada no Posto de Urg\u00eancia (PU) ser\u00e3o disponibilizados quatro leitos cl\u00ednicos e quatro de unidades avan\u00e7adas (equivalentes a UTIs), tamb\u00e9m para receber pacientes com covid-19. A estrutura de UTI para atendimento de pacientes com covid na unidade de sa\u00fade tamb\u00e9m ter\u00e1 a capacidade duplicada at\u00e9 o fim da semana que vem.<\/p>\n\n\n\n<p>\u201cEstamos trabalhando muito para dar f\u00f4lego \u00e0 rede de sa\u00fade para que possamos atender esta demanda maior, garantindo a amplia\u00e7\u00e3o de leitos para atender a popula\u00e7\u00e3o. Todos os esfor\u00e7os est\u00e3o sendo feitos para refor\u00e7ar a rede de sa\u00fade, mas \u00e9 necess\u00e1rio que a popula\u00e7\u00e3o tamb\u00e9m ajude, mantendo os cuidados preventivos\u201d, afirmou o prefeito interino Hingo Hammes.<\/p>\n\n\n\n<p>Reorganiza\u00e7\u00e3o no HAC<\/p>\n\n\n\n<p>A Secretaria de Sa\u00fade est\u00e1 estruturando a amplia\u00e7\u00e3o dos leitos na UTI Covid do Alcides Carneiro. A previs\u00e3o \u00e9 de que at\u00e9 o fim da pr\u00f3xima os leitos de UTI Covid na unidade sejam ampliados dos sete atuais para 14. As estruturas est\u00e3o sendo redimensionadas para desafogar a rede de sa\u00fade.<\/p>\n\n\n\n<p>\u201cTodos os esfor\u00e7os t\u00eam sido feitos tanto na rede p\u00fablica quanto junto \u00e0s unidades privadas para ampliarmos os leitos para suprir a demanda por atendimentos a pacientes com covid-19. Mas nada disso ir\u00e1 adiantar se as pessoas n\u00e3o respeitarem as regras e colaborarem. Fa\u00e7o um apelo para que as pessoas usem m\u00e1scara, saiam de casa somente em caso de necessidade e sobretudo para que evitem as aglomera\u00e7\u00f5es\u201d, frisa o secret\u00e1rio de Sa\u00fade Aloisio Barbosa da Silva Filho.<\/p>\n\n\n\n<p>O munic\u00edpio tamb\u00e9m vem articulando junto a unidades de sa\u00fade da rede privada a contrata\u00e7\u00e3o de mais leitos. Al\u00e9m da libera\u00e7\u00e3o de mais leitos no HNSA (com os 12 novos leitos que est\u00e3o sendo abertos no hospital a unidade passa a operar com 48 leitos), o munic\u00edpio poder\u00e1, ainda, contar com refor\u00e7o nos leitos cl\u00ednicos: o Hospital Santa M\u00f4nica aguarda apenas a libera\u00e7\u00e3o da Vigil\u00e2ncia Sanit\u00e1ria Estadual, o que deve acontecer ainda nesta sexta-feira. A unidade disp\u00f5e de 51 leitos cl\u00ednicos, que ser\u00e3o somados \u00e0 rede de sa\u00fade \u00e0 disposi\u00e7\u00e3o do munic\u00edpio.<\/p>\n\n\n\n<p>\u201cS\u00e3o leitos cl\u00ednicos que poder\u00e3o atender pacientes com Covid ou serem direcionados para a interna\u00e7\u00e3o de pacientes com outras doen\u00e7as, dependendo da demanda. O prefeito e a Secretaria de Sa\u00fade est\u00e3o empenhados e adotando todas as medidas para ampliar a rede e viabilizar o atendimento\u201d, afirma o secret\u00e1rio de Sa\u00fade.<\/p>\n\n\n\n<p>Gestantes passam a ter entrada exclusiva no HAC<\/p>\n\n\n\n<p>No Hospital Alcides Carneiro algumas altera\u00e7\u00f5es est\u00e3o sendo feitas para refor\u00e7ar os protocolos sanit\u00e1rios para preven\u00e7\u00e3o a dissemina\u00e7\u00e3o do novo coronav\u00edrus. A partir de agora, gestantes que precisam de atendimento de emerg\u00eancia, e antes davam entrada pela emerg\u00eancia geral do hospital, passam a ter entrada exclusiva pelo pr\u00e9dio principal do HAC- de forma separada dos demais pacientes que buscam a emerg\u00eancia. As gestantes passam a ser recebidas em uma sala de admiss\u00e3o antes de serem encaminhadas para atendimento.<\/p>\n\n\n\n<p>Protocolos de entrada e visita a pacientes no hospital tamb\u00e9m est\u00e3o sendo alterados, com medi\u00e7\u00e3o de temperatura de todos que precisem entrar na unidade. Como medida de seguran\u00e7a, as visitas passam a ser restritas a uma \u00fanica pessoa por paciente, e devem ser feitas exclusivamente no hor\u00e1rio de conversa com o m\u00e9dico.<\/p>\n\n\n\n<p>Nos casos de pacientes que t\u00eam direito a presen\u00e7a de acompanhante, os eventuais revezamentos devem ser feitos somente a cada 24 horas. Tamb\u00e9m por medida de seguran\u00e7a, a presen\u00e7a dos acompanhantes fica restrita ao quarto onde o paciente est\u00e1 internado, onde ser\u00e3o servidas inclusive as refei\u00e7\u00f5es. O refeit\u00f3rio do hospital passa a ser de uso exclusivo dos funcion\u00e1rios.<\/p>\n\n\n\n<p>No caso de pacientes com covid-19 as informa\u00e7\u00f5es aos parentes continuam sendo passadas diariamente por telefone.<\/p>\n","protected":false},"excerpt":{"rendered":"<p>Cidade tamb\u00e9m ter\u00e1 mais 23 leitos de retaguarda em hospitais municipais e articula aumento de<\/p>\n","protected":false},"author":2,"featured_media":11494,"comment_status":"open","ping_status":"open","sticky":false,"template":"","format":"standard","meta":{"footnotes":""},"categories":[12],"tags":[],"class_list":["post-11493","post","type-post","status-publish","format-standard","has-post-thumbnail","hentry","category-cidade"],"_links":{"self":[{"href":"https:\/\/tvc16.com\/portal\/wp-json\/wp\/v2\/posts\/11493","targetHints":{"allow":["GET"]}}],"collection":[{"href":"https:\/\/tvc16.com\/portal\/wp-json\/wp\/v2\/posts"}],"about":[{"href":"https:\/\/tvc16.com\/portal\/wp-json\/wp\/v2\/types\/post"}],"author":[{"embeddable":true,"href":"https:\/\/tvc16.com\/portal\/wp-json\/wp\/v2\/users\/2"}],"replies":[{"embeddable":true,"href":"https:\/\/tvc16.com\/portal\/wp-json\/wp\/v2\/comments?post=11493"}],"version-history":[{"count":1,"href":"https:\/\/tvc16.com\/portal\/wp-json\/wp\/v2\/posts\/11493\/revisions"}],"predecessor-version":[{"id":11495,"href":"https:\/\/tvc16.com\/portal\/wp-json\/wp\/v2\/posts\/11493\/revisions\/11495"}],"wp:featuredmedia":[{"embeddable":true,"href":"https:\/\/tvc16.com\/portal\/wp-json\/wp\/v2\/media\/11494"}],"wp:attachment":[{"href":"https:\/\/tvc16.com\/portal\/wp-json\/wp\/v2\/media?parent=11493"}],"wp:term":[{"taxonomy":"category","embeddable":true,"href":"https:\/\/tvc16.com\/portal\/wp-json\/wp\/v2\/categories?post=11493"},{"taxonomy":"post_tag","embeddable":true,"href":"https:\/\/tvc16.com\/portal\/wp-json\/wp\/v2\/tags?post=11493"}],"curies":[{"name":"wp","href":"https:\/\/api.w.org\/{rel}","templated":true}]}}