{"id":11499,"date":"2021-03-19T11:30:54","date_gmt":"2021-03-19T14:30:54","guid":{"rendered":"https:\/\/tvc16.com\/portal\/?p=11499"},"modified":"2021-03-19T11:30:56","modified_gmt":"2021-03-19T14:30:56","slug":"a-magia-do-picadeiro","status":"publish","type":"post","link":"https:\/\/tvc16.com\/portal\/2021\/03\/19\/a-magia-do-picadeiro\/","title":{"rendered":"A MAGIA DO PICADEIRO"},"content":{"rendered":"\n<p><strong>DOCUMENT\u00c1RIO CONTA A HIST\u00d3RIA DA FAM\u00cdLIA CARDOSO NO CIRCO<\/strong><\/p>\n\n\n\n<p><em>Projeto foi selecionado pela Lei Aldir Blanc em Petr\u00f3polis e conta<\/em> <em>a hist\u00f3ria da fam\u00edlia do ator Nathan Cardoso<\/em><\/p>\n\n\n\n<p>\u201cRespeit\u00e1vel p\u00fablico. Aten\u00e7\u00e3o, aten\u00e7\u00e3o, que o espet\u00e1culo vai come\u00e7ar! No picadeiro, a Fam\u00edlia Cardoso! Podem aplaudir\u201d. Os bastidores do circo, com a hist\u00f3ria de quatro gera\u00e7\u00f5es, \u00e9 o assunto em destaque no document\u00e1rio \u201cUma arte, uma fam\u00edlia, uma hist\u00f3ria\u201d. Realizado gra\u00e7as ao incentivo da Lei Aldir Blanc, o projeto conta detalhes do trabalho realizado h\u00e1 quase 200 anos. O material com dura\u00e7\u00e3o de 33 minutos ser\u00e1 veiculado na quarta-feira, 24 de mar\u00e7o, a partir das 12h nas plataformas digitais da Xdaquest\u00e3o Produ\u00e7\u00f5es.<\/p>\n\n\n\n<p>Aos 73 anos, Os\u00e9as Cardoso, o conhecido Palha\u00e7o Lamban\u00e7a \u00e9 pai do ator petropolitano Nathan Cardoso, filho do tamb\u00e9m artista circense, \u201ctoca-toca\u201d e o mais antigo membro da fam\u00edlia, que dedica 200 anos ao picadeiro no Estado do Rio de Janeiro. O material audiovisual vai contar detalhes sobre o coletivo e suas mem\u00f3rias ao longo dos \u00faltimos anos. \u201cNesse conte\u00fado o p\u00fablico vai acompanhar um pouco da nossa trajet\u00f3ria e saber detalhes dessa hist\u00f3ria, como por exemplo, o nome do circo. Normira vem da jun\u00e7\u00e3o de Norma e Zulmira, duas tias minhas. Foi uma ideia do meu av\u00f4\u201d, conta Nathan.<\/p>\n\n\n\n<p>Os objetivos desse projeto circulam em meio \u00e0s tradi\u00e7\u00f5es familiares, o amor e a dedica\u00e7\u00e3o \u00e0 arte circense e continuidade da mesma e o compromisso e desejo de manterem vivas e real\u00e7adas as expectativas ao futuro dessa arte que traz a divers\u00e3o, a risada e a uni\u00e3o ao p\u00fablico por meio de muita dedica\u00e7\u00e3o, afeto, entusiasmo e fasc\u00ednio. \u201cPor meio deste document\u00e1rio ser\u00e3o abordados assuntos como a passagem do tempo e as transforma\u00e7\u00f5es que o circo passou, como \u00e9 o circo de ontem e o de hoje, e o p\u00fablico. Ser\u00e1 que a risada muda? S\u00e3o questionamentos que muitos tem curiosidade de saber, mas que n\u00e3o tem acesso por ser uma arte que vem se tornando cada vez mais rara\u201d, diz a jornalista respons\u00e1vel pelo document\u00e1rio, Luciane Fortunatto.\u00a0<\/p>\n\n\n\n<p>Ao longo do conte\u00fado os familiares contam sobre o surgimento do circo na fam\u00edlia, a paix\u00e3o de Os\u00e9as pelas lonas e a vontade de deixar essa tradi\u00e7\u00e3o viva. O artista que veio para Petr\u00f3polis por volta dos anos 1970, casou-se na cidade, teve seus filhos e seguiu estrada afora, levando gargalhadas e cultura para todo o pa\u00eds.<\/p>\n\n\n\n<p>\u201cN\u00f3s fomos criados neste contexto. No circo atuei como palha\u00e7o, trapezista, m\u00e1gico, acrobata&#8230; come\u00e7amos ainda pequenos, nos intervalos, at\u00e9 que meu pai come\u00e7ou a preparar n\u00fameros para que particip\u00e1ssemos tamb\u00e9m\u201d, diz Os\u00e9as Cardoso Filho, o palha\u00e7o Brazinha.<\/p>\n\n\n\n<p>O filme traz ainda bastidores da vida cigana, as hist\u00f3rias do grupo percorrendo localidades do Brasil, como os irm\u00e3os Cardoso faziam para estudar, al\u00e9m de comentar a rela\u00e7\u00e3o da fam\u00edlia com os famosos Trapalh\u00f5es e muito mais. O conte\u00fado conta ainda com a participa\u00e7\u00e3o de Thayanna Cardoso, a toquinho e Pedro Cardoso, que j\u00e1 faz parte da 5\u00aa gera\u00e7\u00e3o da fam\u00edlia.<\/p>\n\n\n\n<p>\u201cEsperamos que o conhecimento da arte circense seja cada vez mais conhecido e discutido, sendo, ent\u00e3o, reavivado. Al\u00e9m disso, almejamos a inclus\u00e3o no acervo de fam\u00edlias circenses e o reconhecimento da arte circense e da que cont\u00e9m as especificidades da fam\u00edlia Cardoso, como uma das que ainda propagam o pensamento do circo tanto adaptado \u00e0s novas demandas como se mant\u00e9m fi\u00e9is aos de lona, tradicionais que s\u00e3o o fundamento e a origem da arte circense\u201d, diz Nathan.<\/p>\n\n\n\n<p>O document\u00e1rio \u201cCardoso \u2013 Uma arte, uma fam\u00edlia, uma hit\u00f3ria\u201d \u00e9 assinado pela jornalista respons\u00e1vel Luciane Fortunatto, mas na equipe tamb\u00e9m est\u00e3o como Diretor Geral e Executivo Maur\u00edcio Ara\u00fajo, como Diretora de Produ\u00e7\u00e3o, Secret\u00e1ria Teatral e Assessora de Imprensa Carla Coelho, na pesquisa a Historiadora Maria Angela Gomes, como Int\u00e9rprete de Libras Andr\u00e9 da Silva Vieira, a vinheta \u00e9 N\u00e9viton Marci J\u00fanior e a edi\u00e7\u00e3o de Jean Haubrich.<\/p>\n\n\n\n<p>A veicula\u00e7\u00e3o do projeto ser\u00e1 realizada pelas plataformas digitais da Xdaquest\u00e3o Produ\u00e7\u00f5es no Facebook @xdaquestaoproducoes (<a href=\"https:\/\/www.facebook.com\/xdaquestaoproducoes\/\">https:\/\/www.facebook.com\/xdaquestaoproducoes\/<\/a>), no Instagram @xdaquestaoproducoes (<a href=\"https:\/\/www.instagram.com\/xdaquestaoproducoes\/\">https:\/\/www.instagram.com\/xdaquestaoproducoes\/<\/a>) e ainda atrav\u00e9s do Youtube Xdaquest\u00e3o Produ\u00e7\u00f5es (<a href=\"https:\/\/www.youtube.com\/channel\/UC6MBZV6Wyy_k3i5RB4OFcDg\">https:\/\/www.youtube.com\/channel\/UC6MBZV6Wyy_k3i5RB4OFcDg<\/a>).<\/p>\n\n\n\n<p>Mais informa\u00e7\u00f5es podem ser obtidas nas pr\u00f3prias m\u00eddias digitais da Xdaquest\u00e3o Produ\u00e7\u00f5es ou ainda atrav\u00e9s do e-mail <a href=\"mailto:xdaquestaoproducoes@gmail.com\">xdaquestaoproducoes@gmail.com<\/a> e do WhatsApp (24) 99955-2730.<\/p>\n","protected":false},"excerpt":{"rendered":"<p>DOCUMENT\u00c1RIO CONTA A HIST\u00d3RIA DA FAM\u00cdLIA CARDOSO NO CIRCO Projeto foi selecionado pela Lei Aldir<\/p>\n","protected":false},"author":2,"featured_media":11500,"comment_status":"open","ping_status":"open","sticky":false,"template":"","format":"standard","meta":{"footnotes":""},"categories":[12],"tags":[],"class_list":["post-11499","post","type-post","status-publish","format-standard","has-post-thumbnail","hentry","category-cidade"],"_links":{"self":[{"href":"https:\/\/tvc16.com\/portal\/wp-json\/wp\/v2\/posts\/11499","targetHints":{"allow":["GET"]}}],"collection":[{"href":"https:\/\/tvc16.com\/portal\/wp-json\/wp\/v2\/posts"}],"about":[{"href":"https:\/\/tvc16.com\/portal\/wp-json\/wp\/v2\/types\/post"}],"author":[{"embeddable":true,"href":"https:\/\/tvc16.com\/portal\/wp-json\/wp\/v2\/users\/2"}],"replies":[{"embeddable":true,"href":"https:\/\/tvc16.com\/portal\/wp-json\/wp\/v2\/comments?post=11499"}],"version-history":[{"count":1,"href":"https:\/\/tvc16.com\/portal\/wp-json\/wp\/v2\/posts\/11499\/revisions"}],"predecessor-version":[{"id":11501,"href":"https:\/\/tvc16.com\/portal\/wp-json\/wp\/v2\/posts\/11499\/revisions\/11501"}],"wp:featuredmedia":[{"embeddable":true,"href":"https:\/\/tvc16.com\/portal\/wp-json\/wp\/v2\/media\/11500"}],"wp:attachment":[{"href":"https:\/\/tvc16.com\/portal\/wp-json\/wp\/v2\/media?parent=11499"}],"wp:term":[{"taxonomy":"category","embeddable":true,"href":"https:\/\/tvc16.com\/portal\/wp-json\/wp\/v2\/categories?post=11499"},{"taxonomy":"post_tag","embeddable":true,"href":"https:\/\/tvc16.com\/portal\/wp-json\/wp\/v2\/tags?post=11499"}],"curies":[{"name":"wp","href":"https:\/\/api.w.org\/{rel}","templated":true}]}}