{"id":11502,"date":"2021-03-19T11:39:27","date_gmt":"2021-03-19T14:39:27","guid":{"rendered":"https:\/\/tvc16.com\/portal\/?p=11502"},"modified":"2021-03-19T11:39:30","modified_gmt":"2021-03-19T14:39:30","slug":"micro-e-pequenas-empresas-geraram-75-dos-empregos-formais-em-janeiro","status":"publish","type":"post","link":"https:\/\/tvc16.com\/portal\/2021\/03\/19\/micro-e-pequenas-empresas-geraram-75-dos-empregos-formais-em-janeiro\/","title":{"rendered":"Micro e pequenas empresas geraram 75% dos empregos formais em janeiro"},"content":{"rendered":"\n<h3 class=\"wp-block-heading\">Resultado \u00e9 quase o dobro do mesmo m\u00eas de 2020, diz Sebrae<\/h3>\n\n\n\n<h4 class=\"wp-block-heading\">Por Luciano Nascimento &#8211; Rep\u00f3rter da Ag\u00eancia Brasil &#8211; Bras\u00edlia<\/h4>\n\n\n\n<p>As micro e pequenas empresas (MPE) lideraram a gera\u00e7\u00e3o de empregos em janeiro, criando&nbsp;aproximadamente 195,6 mil vagas, o que corresponde a cerca de 75% do total de 260.353 empregos formais registrado no m\u00eas.<img decoding=\"async\" src=\"https:\/\/agenciabrasil.ebc.com.br\/ebc.png?id=1404413&amp;o=node\"><img decoding=\"async\" src=\"https:\/\/agenciabrasil.ebc.com.br\/ebc.gif?id=1404413&amp;o=node\"><\/p>\n\n\n\n<p>Os n\u00fameros constam de relat\u00f3rio elaborado pelo Servi\u00e7o Brasileiro de Apoio \u00e0s Micro e Pequenas Empresas (Sebrae), com base nos&nbsp;<a href=\"https:\/\/agenciabrasil.ebc.com.br\/economia\/noticia\/2021-03\/brasil-fecha-janeiro-com-saldo-de-260353-empregos-formais\" target=\"_blank\" rel=\"noreferrer noopener\">dados&nbsp;de janeiro<\/a>&nbsp;do Cadastro Geral de Empregados e Desempregados (Caged). O resultado tamb\u00e9m \u00e9 quase o dobro do n\u00famero de empregados gerado pelo segmento no mesmo m\u00eas do ano passado.<\/p>\n\n\n\n<p>Este \u00e9 o s\u00e9timo m\u00eas consecutivo em que os pequenos neg\u00f3cios lideraram a gera\u00e7\u00e3o de postos de trabalho no pa\u00eds. O relat\u00f3rio mostra ainda que as m\u00e9dias e grandes empresas (MGE) tamb\u00e9m registraram saldo positivo na gera\u00e7\u00e3o de empregos. Foram 668.257 admiss\u00f5es contra 626.653 desligamentos, resultando em um saldo positivo de 41.604 empregos. Esse n\u00famero equivale a 15,9% do total de empregos gerados no Brasil.<\/p>\n\n\n\n<p>\u201cNos \u00faltimos seis meses, os pequenos neg\u00f3cios apresentaram saldo total de 1,1 milh\u00e3o de novos empregos contra 385,5 mil novos postos de trabalho criados pelos m\u00e9dios e grandes. No \u00faltimo m\u00eas&nbsp;de janeiro, os setores que mais contribu\u00edram para os saldos positivos foram servi\u00e7os, ind\u00fastria de transforma\u00e7\u00e3o e constru\u00e7\u00e3o. Esses resultados valem tanto para as MPE quanto para as MGE\u201d, informou o Sebrae.<\/p>\n\n\n\n<p>O relat\u00f3rio mostra ainda que a diverg\u00eancia ocorreu no setor do com\u00e9rcio. Enquanto as micro e pequenas&nbsp;apresentaram saldo positivo de 27,4 mil, as m\u00e9dias e grandes tiveram saldo negativo de 21,3 mil vagas.<\/p>\n\n\n\n<h2 class=\"wp-block-heading\">Regi\u00f5es<\/h2>\n\n\n\n<p>Em janeiro, a Regi\u00e3o Centro-Oeste apresentou o maior saldo &#8211; 17,26&nbsp;novas vagas geradas a cada mil empregados, fechando janeiro com 55.795 empregos. A Regi\u00e3o Sul vem em seguida, com 14,24 empregos novos por mil empregados e fechando janeiro com 55.795 empregos. Depois vem o Nordeste, com 11,68 empregos a cada mil&nbsp;empregados, totalizando 36.037 empregos. A Regi\u00e3o Norte gerou 6.656 empregos, um saldo de 7,73 empregos por mil empregados e o Sudeste ficou com saldo de 7,09 a cada mil empregados, com 67.957 empregos gerados no m\u00eas.<\/p>\n\n\n\n<p>Em janeiro deste ano, as cinco unidades da Federa\u00e7\u00e3o que proporcionalmente mais geraram empregos foram Mato Grosso, Goi\u00e1s, Santa Catarina, Roraima e Rio Grande do Norte. Todos esses estados geraram pelo menos 17 novos empregos a cada mil postos de trabalho j\u00e1 existentes.<\/p>\n\n\n\n<p>Os estados que proporcionalmente menos geraram empregos foram S\u00e3o Paulo, Minas Gerais, Amap\u00e1, Rond\u00f4nia, Rio&nbsp;de Janeiro&nbsp;e Amazonas. Com exce\u00e7\u00e3o do Amazonas, que apresentou saldo negativo, os demais geraram menos que sete novos empregos a cada mil postos de trabalho existentes.<\/p>\n\n\n\n<p>Edi\u00e7\u00e3o: Gra\u00e7a Adjuto<\/p>\n","protected":false},"excerpt":{"rendered":"<p>Resultado \u00e9 quase o dobro do mesmo m\u00eas de 2020, diz Sebrae Por Luciano Nascimento<\/p>\n","protected":false},"author":2,"featured_media":11503,"comment_status":"open","ping_status":"open","sticky":false,"template":"","format":"standard","meta":{"footnotes":""},"categories":[17],"tags":[],"class_list":["post-11502","post","type-post","status-publish","format-standard","has-post-thumbnail","hentry","category-outras-noticias"],"_links":{"self":[{"href":"https:\/\/tvc16.com\/portal\/wp-json\/wp\/v2\/posts\/11502","targetHints":{"allow":["GET"]}}],"collection":[{"href":"https:\/\/tvc16.com\/portal\/wp-json\/wp\/v2\/posts"}],"about":[{"href":"https:\/\/tvc16.com\/portal\/wp-json\/wp\/v2\/types\/post"}],"author":[{"embeddable":true,"href":"https:\/\/tvc16.com\/portal\/wp-json\/wp\/v2\/users\/2"}],"replies":[{"embeddable":true,"href":"https:\/\/tvc16.com\/portal\/wp-json\/wp\/v2\/comments?post=11502"}],"version-history":[{"count":1,"href":"https:\/\/tvc16.com\/portal\/wp-json\/wp\/v2\/posts\/11502\/revisions"}],"predecessor-version":[{"id":11504,"href":"https:\/\/tvc16.com\/portal\/wp-json\/wp\/v2\/posts\/11502\/revisions\/11504"}],"wp:featuredmedia":[{"embeddable":true,"href":"https:\/\/tvc16.com\/portal\/wp-json\/wp\/v2\/media\/11503"}],"wp:attachment":[{"href":"https:\/\/tvc16.com\/portal\/wp-json\/wp\/v2\/media?parent=11502"}],"wp:term":[{"taxonomy":"category","embeddable":true,"href":"https:\/\/tvc16.com\/portal\/wp-json\/wp\/v2\/categories?post=11502"},{"taxonomy":"post_tag","embeddable":true,"href":"https:\/\/tvc16.com\/portal\/wp-json\/wp\/v2\/tags?post=11502"}],"curies":[{"name":"wp","href":"https:\/\/api.w.org\/{rel}","templated":true}]}}